
{"id":11523,"date":"2016-05-11T15:39:00","date_gmt":"2016-05-11T18:39:00","guid":{"rendered":"https:\/\/nutritotal.com.br\/pro?p=11523"},"modified":"2023-05-31T14:36:25","modified_gmt":"2023-05-31T17:36:25","slug":"os-probia-ticos-podem-agir-beneficamente-em-toda-a-extensa-o-do-trato-gastrintestinal","status":"publish","type":"post","link":"https:\/\/nutritotal.com.br\/pro\/os-probia-ticos-podem-agir-beneficamente-em-toda-a-extensa-o-do-trato-gastrintestinal\/","title":{"rendered":"Os probi\u00f3ticos podem agir beneficamente em toda a extens\u00e3o do trato gastrintestinal?"},"content":{"rendered":"<p>&nbsp;<\/p>\n<p>&nbsp;<\/p>\n<p>&nbsp;<\/p>\n<p>&nbsp;<\/p>\n<p>&nbsp;<\/p>\n<p>&nbsp;<\/p>\n<p>&nbsp;<\/p>\n<p class=\"MsoNormal\">Sim. O consumo de probi\u00f3ticos aumenta a resist\u00eancia e at\u00e9 mesmo elimina os microorganismos potencialmente patog\u00eanicos.<\/p>\n<p>&nbsp;<\/p>\n<p class=\"MsoNormal\">A microbiota intestinal humana \u00e9 est\u00e9ril no nascimento e vai se modificando durante a inf\u00e2ncia, tornando-se mais est\u00e1vel durante a vida adulta. Dessa forma, ela \u00e9 respons\u00e1vel por proteger o hospedeiro da invas\u00e3o de microorganismos patog\u00eanicos, agindo como uma barreira f\u00edsica e imunol\u00f3gica.<\/p>\n<p>&nbsp;<\/p>\n<p class=\"MsoNormal\">Kirjavainen e col. verificaram que a suplementa\u00e7\u00e3o com <i>Bifidobacterium lactis <\/i>em f\u00f3rmula infantil modificou a microbiota intestinal e melhorou os sintomas de eczema at\u00f3pico em crian\u00e7as na \u00e9poca do desmame.<\/p>\n<p>&nbsp;<\/p>\n<p class=\"MsoNormal\">Da mesma forma, por equilibrar a microbiota intestinal, os probi\u00f3ticos tamb\u00e9m t\u00eam sido usados no tratamento e preven\u00e7\u00e3o de diarr\u00e9ias. Metan\u00e1lise mostrou que crian\u00e7as que receberam probi\u00f3ticos tiveram menor dura\u00e7\u00e3o de diarr\u00e9ia aguda.<\/p>\n<p>&nbsp;<\/p>\n<p class=\"MsoNormal\">Presentes em todo o trato gastrintestinal, os probi\u00f3ticos t\u00eam prefer\u00eancias por locais de a\u00e7\u00e3o dependendo da esp\u00e9cie e cepa utilizadas. Os lactobacilos agem no \u00edleo terminal e as bifidobact\u00e9rias no c\u00f3lon.<\/p>\n<p>&nbsp;<\/p>\n<p class=\"MsoNormal\">Outro benef\u00edcio dos probi\u00f3ticos foi verificado em estudo prospectivo, randomizado e aberto. Pesquisadores verificaram que o consumo de iogurte contendo probi\u00f3tico melhorou par\u00e2metros relacionados com a evacua\u00e7\u00e3o intestinal em mulheres com constipa\u00e7\u00e3o funcional. Os autores sugerem que a mudan\u00e7a na flora intestinal com o consumo de probi\u00f3ticos pode acelerar o tr\u00e2nsito intestinal no c\u00f3lon por alterar a capacidade de absor\u00e7\u00e3o de \u00e1gua, melhorando o funcionamento intestinal.<\/p>\n<p>&nbsp;<\/p>\n<p class=\"MsoNormal\">A atua\u00e7\u00e3o dos probi\u00f3ticos tamb\u00e9m est\u00e1 sendo estudada na cavidade oral. Um estudo envolvendo crian\u00e7as encontrou diminui\u00e7\u00e3o da ocorr\u00eancia de c\u00e1ries ap\u00f3s consumo de leite contendo probi\u00f3tico. Caglan e col. encontraram remiss\u00e3o de microrganismos causadores de c\u00e1ries em volunt\u00e1rios que consumiram iogurte contendo <i>Bifidobacterium animalis DN-173 010<\/i>.<\/p>\n<p>&nbsp;<\/p>\n<p class=\"MsoNormal\">\u00c9 necess\u00e1rio atentar para algumas situa\u00e7\u00f5es que podem alterar a popula\u00e7\u00e3o de bact\u00e9rias probi\u00f3ticas do intestino, como o uso de antibi\u00f3ticos, estresse ambiental e mudan\u00e7as na alimenta\u00e7\u00e3o, podendo prejudicar o equil\u00edbrio da microbiota intestinal do hospedeiro.<\/p>\n<p>&nbsp;<\/p>\n<p>&nbsp;<\/p>\n<p>&nbsp;<\/p>\n","protected":false},"excerpt":{"rendered":"<p>&nbsp; &nbsp; &nbsp; &nbsp; &nbsp; &nbsp; &nbsp; Sim. O consumo de probi\u00f3ticos aumenta a resist\u00eancia e at\u00e9 mesmo elimina os microorganismos potencialmente patog\u00eanicos. &nbsp; A microbiota intestinal humana \u00e9 est\u00e9ril no nascimento e vai se modificando durante a inf\u00e2ncia, tornando-se mais est\u00e1vel durante a vida adulta. Dessa forma, ela \u00e9 respons\u00e1vel por proteger o hospedeiro [&hellip;]<\/p>\n","protected":false},"author":45,"featured_media":0,"comment_status":"open","ping_status":"open","sticky":false,"template":"","format":"standard","meta":{"_acf_changed":false,"footnotes":""},"categories":[1],"tags":[],"divisao":[2185,2186,2193],"acf":[],"yoast_head":"<!-- This site is optimized with the Yoast SEO plugin v23.5 - https:\/\/yoast.com\/wordpress\/plugins\/seo\/ -->\n<title>Os probi\u00f3ticos podem agir beneficamente em toda a extens\u00e3o do trato gastrintestinal? - Nutritotal PRO<\/title>\n<meta name=\"robots\" content=\"index, follow, max-snippet:-1, max-image-preview:large, max-video-preview:-1\" \/>\n<link rel=\"canonical\" href=\"https:\/\/nutritotal.com.br\/pro\/os-probia-ticos-podem-agir-beneficamente-em-toda-a-extensa-o-do-trato-gastrintestinal\/\" \/>\n<meta property=\"og:locale\" content=\"pt_BR\" \/>\n<meta property=\"og:type\" content=\"article\" \/>\n<meta property=\"og:title\" content=\"Os probi\u00f3ticos podem agir beneficamente em toda a extens\u00e3o do trato gastrintestinal? - Nutritotal PRO\" \/>\n<meta property=\"og:description\" content=\"&nbsp; &nbsp; &nbsp; &nbsp; &nbsp; &nbsp; &nbsp; Sim. O consumo de probi\u00f3ticos aumenta a resist\u00eancia e at\u00e9 mesmo elimina os microorganismos potencialmente patog\u00eanicos. &nbsp; A microbiota intestinal humana \u00e9 est\u00e9ril no nascimento e vai se modificando durante a inf\u00e2ncia, tornando-se mais est\u00e1vel durante a vida adulta. Dessa forma, ela \u00e9 respons\u00e1vel por proteger o hospedeiro [&hellip;]\" \/>\n<meta property=\"og:url\" content=\"https:\/\/nutritotal.com.br\/pro\/os-probia-ticos-podem-agir-beneficamente-em-toda-a-extensa-o-do-trato-gastrintestinal\/\" \/>\n<meta property=\"og:site_name\" content=\"Nutritotal PRO\" \/>\n<meta property=\"article:publisher\" content=\"https:\/\/www.facebook.com\/nutritotalPRO\/\" \/>\n<meta property=\"article:published_time\" content=\"2016-05-11T18:39:00+00:00\" \/>\n<meta property=\"article:modified_time\" content=\"2023-05-31T17:36:25+00:00\" \/>\n<meta name=\"author\" content=\"Nutritotal Pro\" \/>\n<meta name=\"twitter:card\" content=\"summary_large_image\" \/>\n<meta name=\"twitter:label1\" content=\"Escrito por\" \/>\n\t<meta name=\"twitter:data1\" content=\"Nutritotal Pro\" \/>\n\t<meta name=\"twitter:label2\" content=\"Est. tempo de leitura\" \/>\n\t<meta name=\"twitter:data2\" content=\"2 minutos\" \/>\n<script type=\"application\/ld+json\" class=\"yoast-schema-graph\">{\"@context\":\"https:\/\/schema.org\",\"@graph\":[{\"@type\":\"Article\",\"@id\":\"https:\/\/nutritotal.com.br\/pro\/os-probia-ticos-podem-agir-beneficamente-em-toda-a-extensa-o-do-trato-gastrintestinal\/#article\",\"isPartOf\":{\"@id\":\"https:\/\/nutritotal.com.br\/pro\/os-probia-ticos-podem-agir-beneficamente-em-toda-a-extensa-o-do-trato-gastrintestinal\/\"},\"author\":{\"name\":\"Nutritotal Pro\",\"@id\":\"https:\/\/nutritotal.com.br\/pro\/#\/schema\/person\/d3263f44ee30149db636a6624efe3cfb\"},\"headline\":\"Os probi\u00f3ticos podem agir beneficamente em toda a extens\u00e3o do trato gastrintestinal?\",\"datePublished\":\"2016-05-11T18:39:00+00:00\",\"dateModified\":\"2023-05-31T17:36:25+00:00\",\"mainEntityOfPage\":{\"@id\":\"https:\/\/nutritotal.com.br\/pro\/os-probia-ticos-podem-agir-beneficamente-em-toda-a-extensa-o-do-trato-gastrintestinal\/\"},\"wordCount\":393,\"commentCount\":0,\"publisher\":{\"@id\":\"https:\/\/nutritotal.com.br\/pro\/#organization\"},\"inLanguage\":\"pt-BR\",\"potentialAction\":[{\"@type\":\"CommentAction\",\"name\":\"Comment\",\"target\":[\"https:\/\/nutritotal.com.br\/pro\/os-probia-ticos-podem-agir-beneficamente-em-toda-a-extensa-o-do-trato-gastrintestinal\/#respond\"]}]},{\"@type\":\"WebPage\",\"@id\":\"https:\/\/nutritotal.com.br\/pro\/os-probia-ticos-podem-agir-beneficamente-em-toda-a-extensa-o-do-trato-gastrintestinal\/\",\"url\":\"https:\/\/nutritotal.com.br\/pro\/os-probia-ticos-podem-agir-beneficamente-em-toda-a-extensa-o-do-trato-gastrintestinal\/\",\"name\":\"Os probi\u00f3ticos podem agir beneficamente em toda a extens\u00e3o do trato gastrintestinal? - Nutritotal PRO\",\"isPartOf\":{\"@id\":\"https:\/\/nutritotal.com.br\/pro\/#website\"},\"datePublished\":\"2016-05-11T18:39:00+00:00\",\"dateModified\":\"2023-05-31T17:36:25+00:00\",\"breadcrumb\":{\"@id\":\"https:\/\/nutritotal.com.br\/pro\/os-probia-ticos-podem-agir-beneficamente-em-toda-a-extensa-o-do-trato-gastrintestinal\/#breadcrumb\"},\"inLanguage\":\"pt-BR\",\"potentialAction\":[{\"@type\":\"ReadAction\",\"target\":[\"https:\/\/nutritotal.com.br\/pro\/os-probia-ticos-podem-agir-beneficamente-em-toda-a-extensa-o-do-trato-gastrintestinal\/\"]}]},{\"@type\":\"BreadcrumbList\",\"@id\":\"https:\/\/nutritotal.com.br\/pro\/os-probia-ticos-podem-agir-beneficamente-em-toda-a-extensa-o-do-trato-gastrintestinal\/#breadcrumb\",\"itemListElement\":[{\"@type\":\"ListItem\",\"position\":1,\"name\":\"Home\",\"item\":\"https:\/\/nutritotal.com.br\/pro\/\"},{\"@type\":\"ListItem\",\"position\":2,\"name\":\"Os probi\u00f3ticos podem agir beneficamente em toda a extens\u00e3o do trato gastrintestinal?\"}]},{\"@type\":\"WebSite\",\"@id\":\"https:\/\/nutritotal.com.br\/pro\/#website\",\"url\":\"https:\/\/nutritotal.com.br\/pro\/\",\"name\":\"Nutritotal PRO\",\"description\":\"\",\"publisher\":{\"@id\":\"https:\/\/nutritotal.com.br\/pro\/#organization\"},\"potentialAction\":[{\"@type\":\"SearchAction\",\"target\":{\"@type\":\"EntryPoint\",\"urlTemplate\":\"https:\/\/nutritotal.com.br\/pro\/?s={search_term_string}\"},\"query-input\":{\"@type\":\"PropertyValueSpecification\",\"valueRequired\":true,\"valueName\":\"search_term_string\"}}],\"inLanguage\":\"pt-BR\"},{\"@type\":\"Organization\",\"@id\":\"https:\/\/nutritotal.com.br\/pro\/#organization\",\"name\":\"Nutri Total\",\"url\":\"https:\/\/nutritotal.com.br\/pro\/\",\"logo\":{\"@type\":\"ImageObject\",\"inLanguage\":\"pt-BR\",\"@id\":\"https:\/\/nutritotal.com.br\/pro\/#\/schema\/logo\/image\/\",\"url\":\"https:\/\/nutritotal.com.br\/pro\/wp-content\/uploads\/2022\/12\/Nutritotal-Pro-Vertical-02.png\",\"contentUrl\":\"https:\/\/nutritotal.com.br\/pro\/wp-content\/uploads\/2022\/12\/Nutritotal-Pro-Vertical-02.png\",\"width\":426,\"height\":426,\"caption\":\"Nutri Total\"},\"image\":{\"@id\":\"https:\/\/nutritotal.com.br\/pro\/#\/schema\/logo\/image\/\"},\"sameAs\":[\"https:\/\/www.facebook.com\/nutritotalPRO\/\",\"https:\/\/www.instagram.com\/nutritotalpro\/\",\"https:\/\/www.youtube.com\/channel\/UCf01IyXkHLYUDGG0-XHR-YA\"]},{\"@type\":\"Person\",\"@id\":\"https:\/\/nutritotal.com.br\/pro\/#\/schema\/person\/d3263f44ee30149db636a6624efe3cfb\",\"name\":\"Nutritotal Pro\",\"image\":{\"@type\":\"ImageObject\",\"inLanguage\":\"pt-BR\",\"@id\":\"https:\/\/nutritotal.com.br\/pro\/#\/schema\/person\/image\/\",\"url\":\"https:\/\/secure.gravatar.com\/avatar\/1d6401bcf0a081502ab525e04b5c6b29?s=96&d=mm&r=g\",\"contentUrl\":\"https:\/\/secure.gravatar.com\/avatar\/1d6401bcf0a081502ab525e04b5c6b29?s=96&d=mm&r=g\",\"caption\":\"Nutritotal Pro\"},\"url\":\"https:\/\/nutritotal.com.br\/pro\/author\/perguntaserespostasimportacao\/\"}]}<\/script>\n<!-- \/ Yoast SEO plugin. -->","yoast_head_json":{"title":"Os probi\u00f3ticos podem agir beneficamente em toda a extens\u00e3o do trato gastrintestinal? - Nutritotal PRO","robots":{"index":"index","follow":"follow","max-snippet":"max-snippet:-1","max-image-preview":"max-image-preview:large","max-video-preview":"max-video-preview:-1"},"canonical":"https:\/\/nutritotal.com.br\/pro\/os-probia-ticos-podem-agir-beneficamente-em-toda-a-extensa-o-do-trato-gastrintestinal\/","og_locale":"pt_BR","og_type":"article","og_title":"Os probi\u00f3ticos podem agir beneficamente em toda a extens\u00e3o do trato gastrintestinal? - Nutritotal PRO","og_description":"&nbsp; &nbsp; &nbsp; &nbsp; &nbsp; &nbsp; &nbsp; Sim. O consumo de probi\u00f3ticos aumenta a resist\u00eancia e at\u00e9 mesmo elimina os microorganismos potencialmente patog\u00eanicos. &nbsp; A microbiota intestinal humana \u00e9 est\u00e9ril no nascimento e vai se modificando durante a inf\u00e2ncia, tornando-se mais est\u00e1vel durante a vida adulta. Dessa forma, ela \u00e9 respons\u00e1vel por proteger o hospedeiro [&hellip;]","og_url":"https:\/\/nutritotal.com.br\/pro\/os-probia-ticos-podem-agir-beneficamente-em-toda-a-extensa-o-do-trato-gastrintestinal\/","og_site_name":"Nutritotal PRO","article_publisher":"https:\/\/www.facebook.com\/nutritotalPRO\/","article_published_time":"2016-05-11T18:39:00+00:00","article_modified_time":"2023-05-31T17:36:25+00:00","author":"Nutritotal Pro","twitter_card":"summary_large_image","twitter_misc":{"Escrito por":"Nutritotal Pro","Est. tempo de leitura":"2 minutos"},"schema":{"@context":"https:\/\/schema.org","@graph":[{"@type":"Article","@id":"https:\/\/nutritotal.com.br\/pro\/os-probia-ticos-podem-agir-beneficamente-em-toda-a-extensa-o-do-trato-gastrintestinal\/#article","isPartOf":{"@id":"https:\/\/nutritotal.com.br\/pro\/os-probia-ticos-podem-agir-beneficamente-em-toda-a-extensa-o-do-trato-gastrintestinal\/"},"author":{"name":"Nutritotal Pro","@id":"https:\/\/nutritotal.com.br\/pro\/#\/schema\/person\/d3263f44ee30149db636a6624efe3cfb"},"headline":"Os probi\u00f3ticos podem agir beneficamente em toda a extens\u00e3o do trato gastrintestinal?","datePublished":"2016-05-11T18:39:00+00:00","dateModified":"2023-05-31T17:36:25+00:00","mainEntityOfPage":{"@id":"https:\/\/nutritotal.com.br\/pro\/os-probia-ticos-podem-agir-beneficamente-em-toda-a-extensa-o-do-trato-gastrintestinal\/"},"wordCount":393,"commentCount":0,"publisher":{"@id":"https:\/\/nutritotal.com.br\/pro\/#organization"},"inLanguage":"pt-BR","potentialAction":[{"@type":"CommentAction","name":"Comment","target":["https:\/\/nutritotal.com.br\/pro\/os-probia-ticos-podem-agir-beneficamente-em-toda-a-extensa-o-do-trato-gastrintestinal\/#respond"]}]},{"@type":"WebPage","@id":"https:\/\/nutritotal.com.br\/pro\/os-probia-ticos-podem-agir-beneficamente-em-toda-a-extensa-o-do-trato-gastrintestinal\/","url":"https:\/\/nutritotal.com.br\/pro\/os-probia-ticos-podem-agir-beneficamente-em-toda-a-extensa-o-do-trato-gastrintestinal\/","name":"Os probi\u00f3ticos podem agir beneficamente em toda a extens\u00e3o do trato gastrintestinal? - Nutritotal PRO","isPartOf":{"@id":"https:\/\/nutritotal.com.br\/pro\/#website"},"datePublished":"2016-05-11T18:39:00+00:00","dateModified":"2023-05-31T17:36:25+00:00","breadcrumb":{"@id":"https:\/\/nutritotal.com.br\/pro\/os-probia-ticos-podem-agir-beneficamente-em-toda-a-extensa-o-do-trato-gastrintestinal\/#breadcrumb"},"inLanguage":"pt-BR","potentialAction":[{"@type":"ReadAction","target":["https:\/\/nutritotal.com.br\/pro\/os-probia-ticos-podem-agir-beneficamente-em-toda-a-extensa-o-do-trato-gastrintestinal\/"]}]},{"@type":"BreadcrumbList","@id":"https:\/\/nutritotal.com.br\/pro\/os-probia-ticos-podem-agir-beneficamente-em-toda-a-extensa-o-do-trato-gastrintestinal\/#breadcrumb","itemListElement":[{"@type":"ListItem","position":1,"name":"Home","item":"https:\/\/nutritotal.com.br\/pro\/"},{"@type":"ListItem","position":2,"name":"Os probi\u00f3ticos podem agir beneficamente em toda a extens\u00e3o do trato gastrintestinal?"}]},{"@type":"WebSite","@id":"https:\/\/nutritotal.com.br\/pro\/#website","url":"https:\/\/nutritotal.com.br\/pro\/","name":"Nutritotal PRO","description":"","publisher":{"@id":"https:\/\/nutritotal.com.br\/pro\/#organization"},"potentialAction":[{"@type":"SearchAction","target":{"@type":"EntryPoint","urlTemplate":"https:\/\/nutritotal.com.br\/pro\/?s={search_term_string}"},"query-input":{"@type":"PropertyValueSpecification","valueRequired":true,"valueName":"search_term_string"}}],"inLanguage":"pt-BR"},{"@type":"Organization","@id":"https:\/\/nutritotal.com.br\/pro\/#organization","name":"Nutri Total","url":"https:\/\/nutritotal.com.br\/pro\/","logo":{"@type":"ImageObject","inLanguage":"pt-BR","@id":"https:\/\/nutritotal.com.br\/pro\/#\/schema\/logo\/image\/","url":"https:\/\/nutritotal.com.br\/pro\/wp-content\/uploads\/2022\/12\/Nutritotal-Pro-Vertical-02.png","contentUrl":"https:\/\/nutritotal.com.br\/pro\/wp-content\/uploads\/2022\/12\/Nutritotal-Pro-Vertical-02.png","width":426,"height":426,"caption":"Nutri Total"},"image":{"@id":"https:\/\/nutritotal.com.br\/pro\/#\/schema\/logo\/image\/"},"sameAs":["https:\/\/www.facebook.com\/nutritotalPRO\/","https:\/\/www.instagram.com\/nutritotalpro\/","https:\/\/www.youtube.com\/channel\/UCf01IyXkHLYUDGG0-XHR-YA"]},{"@type":"Person","@id":"https:\/\/nutritotal.com.br\/pro\/#\/schema\/person\/d3263f44ee30149db636a6624efe3cfb","name":"Nutritotal Pro","image":{"@type":"ImageObject","inLanguage":"pt-BR","@id":"https:\/\/nutritotal.com.br\/pro\/#\/schema\/person\/image\/","url":"https:\/\/secure.gravatar.com\/avatar\/1d6401bcf0a081502ab525e04b5c6b29?s=96&d=mm&r=g","contentUrl":"https:\/\/secure.gravatar.com\/avatar\/1d6401bcf0a081502ab525e04b5c6b29?s=96&d=mm&r=g","caption":"Nutritotal Pro"},"url":"https:\/\/nutritotal.com.br\/pro\/author\/perguntaserespostasimportacao\/"}]}},"views":901,"amp_enabled":true,"_links":{"self":[{"href":"https:\/\/nutritotal.com.br\/pro\/wp-json\/wp\/v2\/posts\/11523"}],"collection":[{"href":"https:\/\/nutritotal.com.br\/pro\/wp-json\/wp\/v2\/posts"}],"about":[{"href":"https:\/\/nutritotal.com.br\/pro\/wp-json\/wp\/v2\/types\/post"}],"author":[{"embeddable":true,"href":"https:\/\/nutritotal.com.br\/pro\/wp-json\/wp\/v2\/users\/45"}],"replies":[{"embeddable":true,"href":"https:\/\/nutritotal.com.br\/pro\/wp-json\/wp\/v2\/comments?post=11523"}],"version-history":[{"count":1,"href":"https:\/\/nutritotal.com.br\/pro\/wp-json\/wp\/v2\/posts\/11523\/revisions"}],"predecessor-version":[{"id":59488,"href":"https:\/\/nutritotal.com.br\/pro\/wp-json\/wp\/v2\/posts\/11523\/revisions\/59488"}],"wp:attachment":[{"href":"https:\/\/nutritotal.com.br\/pro\/wp-json\/wp\/v2\/media?parent=11523"}],"wp:term":[{"taxonomy":"category","embeddable":true,"href":"https:\/\/nutritotal.com.br\/pro\/wp-json\/wp\/v2\/categories?post=11523"},{"taxonomy":"post_tag","embeddable":true,"href":"https:\/\/nutritotal.com.br\/pro\/wp-json\/wp\/v2\/tags?post=11523"},{"taxonomy":"divisao","embeddable":true,"href":"https:\/\/nutritotal.com.br\/pro\/wp-json\/wp\/v2\/divisao?post=11523"}],"curies":[{"name":"wp","href":"https:\/\/api.w.org\/{rel}","templated":true}]}}