
{"id":35357,"date":"2012-10-03T03:00:00","date_gmt":"2012-10-03T06:00:00","guid":{"rendered":"https:\/\/nutritotal.com.br\/pro?p=10011"},"modified":"2023-05-31T13:56:05","modified_gmt":"2023-05-31T16:56:05","slug":"fibras-soluveis-e-inulina-porque-quando-e-quanto-prescrever","status":"publish","type":"post","link":"https:\/\/nutritotal.com.br\/pro\/fibras-soluveis-e-inulina-porque-quando-e-quanto-prescrever\/","title":{"rendered":"Fibras sol\u00faveis e inulina: Porque, Quando e Quanto Prescrever?"},"content":{"rendered":"<p>A inulina \u00e9 um pol\u00edmero linear de frutose pertencente ao grupo de frutanos. Ela \u00e9 considerada como fibra alimentar, sendo encontrada naturalmente em uma variedade de plantas, como vegetais, principalmente na cebola, al\u00e9m dos cereais como trigo, a cevada, o centeio (1). Na ind\u00fastria a inulina \u00e9 isolada e adicionada em alimentos para aumentar o teor de fibras (2).<\/p>\n<p>Tamb\u00e9m classificada como fibra alimentar, as fibras sol\u00faveis normalmente s\u00e3o fermentadas rapidamente, enquanto as insol\u00faveis s\u00e3o lentamente ou apenas parcialmente fermentadas. Os componentes das fibras alimentares n\u00e3o s\u00e3o absorvidos no intestino grosso e s\u00e3o fermentados por bact\u00e9rias intestinais (1). O resultado da fermenta\u00e7\u00e3o \u00e9 a produ\u00e7\u00e3o de \u00e1cido l\u00e1tico, \u00e1cidos graxos de cadeia curta (AGCC) e gazes (2). Cada um desses componentes leva a consequ\u00eancias fisiol\u00f3gicas.<\/p>\n<p>A produ\u00e7\u00e3o de \u00e1cido l\u00e1tico leva a redu\u00e7\u00e3o do pH no l\u00famen intestinal e isso promove o crescimento de bact\u00e9rias ben\u00e9ficas, como as bifidobact\u00e9rias e os lactobacilos (3). Essas bact\u00e9rias trazem benef\u00edcios ao hospedeiro, como a eleva\u00e7\u00e3o da biomassa bacteriana e, consequentemente, o aumento do bolo fecal (diminuindo o tempo de tr\u00e2nsito intestinal e aumentando o peristaltismo intestinal), e a melhora na absor\u00e7\u00e3o de minerais, como o c\u00e1lcio (4). Os AGCC s\u00e3o a principal fonte de energia dos enter\u00f3citos (5). Al\u00e9m disso, as fibras sol\u00faveis formam um gel, ligando-se com mol\u00e9culas de \u00e1gua, e isso pode acarretar em maior tempo de esvaziamento g\u00e1strico, aumentando a saciedade e diminuindo a taxa de absor\u00e7\u00e3o de glicose, triglic\u00e9rides e colesterol (6).<\/p>\n<p>Atrav\u00e9s desses benef\u00edcios fisiol\u00f3gicos, as fibras sol\u00faveis e a inulina est\u00e3o sendo recomendadas para algumas situa\u00e7\u00f5es cl\u00ednicas, como na constipa\u00e7\u00e3o intestinal, na dislipidemia e na melhora da absor\u00e7\u00e3o de c\u00e1lcio, o que poderia prevenir a osteoporose (7). Al\u00e9m disso, ainda existem estudos demonstrando o beneficio da suplementa\u00e7\u00e3o de fibras em pacientes com Diabetes Mellitus tipo II e na modula\u00e7\u00e3o da microbiota de pacientes cr\u00edticos (8,9).<\/p>\n<p>Pesquisadores observaram aumento da absor\u00e7\u00e3o de c\u00e1lcio em 26 mulheres (p\u00f3s- menopausa) ap\u00f3s tr\u00eas meses de suplementa\u00e7\u00e3o com inulina (8 g\/dia) em rela\u00e7\u00e3o ao grupo controle (maltodextrina). Demonstrando um poss\u00edvel papel preventivo da suplementa\u00e7\u00e3o de inulina na osteoporose. Al\u00e9m disso, os estudos demonstram que a maneira mais eficaz de melhorar a absor\u00e7\u00e3o de c\u00e1lcio \u00e9 com a suplementa\u00e7\u00e3o de fibras tipo inulina ao inv\u00e9s de outras fibras sol\u00faveis como FOS (frutooligossacarideos), por\u00e9m os mecanismos que favorecem a inulina ainda n\u00e3o est\u00e3o esclarecidos (10).<\/p>\n<p>Em estudo realizado com 10 mulheres idosas com constipa\u00e7\u00e3o (1 ou 2 epis\u00f3dios por semana com consist\u00eancia dura das fezes), receberam 20 g de inulina nos primeiros 8 dias de estudo e a dose foi gradualmente aumentada para 40 g at\u00e9 o d\u00e9cimo nono dia de estudo. A suplementa\u00e7\u00e3o de inulina aumentou a frequ\u00eancia de fezes em 7 das 10 pacientes, de 8 a 9 evacua\u00e7\u00f5es por semana (11).<\/p>\n<p>Balcazar-Munoz e colaboradores observaram em estudo controlado e randomizado, que doze indiv\u00edduos com obesidade, com elevados n\u00edveis de triglicer\u00eddeos e colesterol, foram randomizados para receber 7 g\/dia de inulina ou placebo durante quatro semanas. A suplementa\u00e7\u00e3o de inulina resultou em redu\u00e7\u00e3o significativa nos n\u00edveis de colesterol total, LDL-colesterol (lipoprote\u00edna de baixa densidade), VLDL-colesterol (lipoprote\u00edna de muito baixa densidade) e triglicer\u00eddeos (12).<\/p>\n<p>A quantidade de fibras sol\u00faveis, e inulina para a obten\u00e7\u00e3o desses benef\u00edcios \u00e9 semelhante entre as diretrizes. A diretriz americana de 2010 recomenda 25 g de fibras diet\u00e9ticas em uma dieta de 2000 Kcal (13). Outros autores relatam que os benef\u00edcios podem ocorrer com a ingest\u00e3o de 12-33 g de fibras por dia de alimentos integrais ou at\u00e9 42,5 g de fibras por dia a partir de suplementos. A maioria dos estudos demonstra bons resultados das fibras, assim como da inulina, a partir de suplementa\u00e7\u00f5es di\u00e1rias desses compostos. Eles acreditam que essa seja a maneira mais eficaz de atingir a quantidade de fibras recomendadas para uma vida saud\u00e1vel. (7)<\/p>\n<p>Com base na literatura cientifica, podemos afirmar que as fibras sol\u00faveis e a inulina influenciam a fun\u00e7\u00e3o intestinal aumentando a frequ\u00eancia das evacua\u00e7\u00f5es, est\u00e1 associada \u00e0 diminui\u00e7\u00e3o s\u00e9rica de triglicer\u00eddeos e n\u00edveis de colesterol s\u00e9rico, al\u00e9m de outros benef\u00edcios que ainda precisam de mais estudos para a comprova\u00e7\u00e3o.<\/p>\n<p><img decoding=\"async\" src=\"https:\/\/nutritotal.com.br\/pro\/wp-content\/uploads\/2013\/01\/299-webbaner_nutrilite2012.gif\" \/><\/p>\n<p><b> Danielle Fontes de Almeida<\/b><small><br \/>\nNutricionista. Especializa\u00e7\u00e3o em Nutri\u00e7\u00e3o Cl\u00ednica pelo GANEP. Mestranda em Ci\u00eancias no Laborat\u00f3rio de Nutri\u00e7\u00e3o e Cirurgia Metab\u00f3lica do Aparelho Digestivo \u2013 Faculdade de Medicina da USP<\/small><\/p>\n<p>Referencias Bibliogr\u00e1ficas:<\/p>\n<p>1. Saad SMI. Probi\u00f3ticos e prebi\u00f3ticos: o estado da arte. Rev. Bras. Cienc. Farm. 2006; 42(1): 1-16.<\/p>\n<p>2. Raninen K, Lappi J, Mykk\u00e4nen H, Poutanen K. Dietary fiber type reflects physiological functionality: comparison of grain fiber, inulin, and polydextrose. Nutr Rev. 2011;69(1):9-21.<\/p>\n<p>3. Damaskos D, Kolios G. Probiotics and prebiotics in inflammatory bowel disease: Microflora \u201con the scope.\u201d Br J Clin Pharmacol. 2008;65:453\u2013467.<\/p>\n<p>4. Cashman K. Prebiotics and calcium bioavailability. In: Tannock GW, ed. Probiotics and Prebiotics: Where Are We Going? Wymondham, UK: Caister Academic Press; 2002:149.<\/p>\n<p>5. Wong JM, de Souza R, Kendall CW, Emam A, Jenkins DJ.Colonic health: Fermentation and short chain fatty acids. J Clin Gastroenterol. 2006;40:235\u2013243.<\/p>\n<p>6. Dikeman CL, Fahey GCJ. Viscosity as related to dietary fiber: A review. Crit Rev Food Sci Nutr. 2006;46:649\u2013663.<\/p>\n<p>7. Kelly G. Inulin-type prebiotics: a review. (Part 2). Altern Med Rev. 2009;14(1):36-55.<\/p>\n<p>8. O&#8217;Keefe SJ, Ou J, Delany JP, Curry S, Zoetendal E, Gaskins HR, Gunn S. Effect of fiber supplementation on the microbiota in critically ill patients. World J Gastrointest Pathophysiol. 2011;2(6):138-45.<\/p>\n<p>9. Post RE, Mainous AG 3rd, King DE, Simpson KN. Dietary fiber for the treatment of type 2 diabetes mellitus: a meta-analysis. J Am Board Fam Med. 2012;25(1):16-23.<\/p>\n<p>10. Kim YY, Jang KH, Lee EY, et al. The effect of 52. chicory fructan fiber on calcium absorption and bone metabolism in Korean postmenopausal women. Nutr Sci 2004;7:151-157.<\/p>\n<p>11. Kleessen B, Sykura B, Zunft HJ, Blaut M. Effects of inulin and lactose on fecal microflora, microbial activity, and bowel habit in elderly constipated persons. Am J Clin Nutr 1997;65:1397-1402.<\/p>\n<p>12. Balcazar-Munoz BR, Martinez-Abundis 42. E, Gonzalez-Ortiz M. Effect of oral inulin administration on lipid profile and insulin sensitivity in subjects with obesity and dyslipidemia. Rev Med Chil 2003;131:597-604.<\/p>\n<p>13. Report of the Dietary Guidelines Advisory Committee on the Dietary Guidelines for Americans, 2010. Dispon\u00edvel em: http:\/\/www.cnpp.usda.gov\/DGAs2010-DGACReport.htm.<\/p>\n","protected":false},"excerpt":{"rendered":"<p>A inulina \u00e9 um pol\u00edmero linear de frutose pertencente ao grupo de frutanos. Ela \u00e9 considerada como fibra alimentar, sendo encontrada naturalmente em uma variedade de plantas, como vegetais, principalmente na cebola, al\u00e9m dos cereais como trigo, a cevada, o centeio (1). Na ind\u00fastria a inulina \u00e9 isolada e adicionada em alimentos para aumentar o [&hellip;]<\/p>\n","protected":false},"author":112416,"featured_media":0,"comment_status":"open","ping_status":"open","sticky":false,"template":"","format":"standard","meta":{"_acf_changed":false,"footnotes":""},"categories":[1],"tags":[],"divisao":[2185,2193,3327],"acf":[],"yoast_head":"<!-- This site is optimized with the Yoast SEO plugin v23.5 - https:\/\/yoast.com\/wordpress\/plugins\/seo\/ -->\n<title>Fibras sol\u00faveis e inulina: Porque, Quando e Quanto Prescrever? - Nutritotal PRO<\/title>\n<meta name=\"robots\" content=\"index, follow, max-snippet:-1, max-image-preview:large, max-video-preview:-1\" \/>\n<link rel=\"canonical\" href=\"https:\/\/nutritotal.com.br\/pro\/fibras-soluveis-e-inulina-porque-quando-e-quanto-prescrever\/\" \/>\n<meta property=\"og:locale\" content=\"pt_BR\" \/>\n<meta property=\"og:type\" content=\"article\" \/>\n<meta property=\"og:title\" content=\"Fibras sol\u00faveis e inulina: Porque, Quando e Quanto Prescrever? - Nutritotal PRO\" \/>\n<meta property=\"og:description\" content=\"A inulina \u00e9 um pol\u00edmero linear de frutose pertencente ao grupo de frutanos. Ela \u00e9 considerada como fibra alimentar, sendo encontrada naturalmente em uma variedade de plantas, como vegetais, principalmente na cebola, al\u00e9m dos cereais como trigo, a cevada, o centeio (1). Na ind\u00fastria a inulina \u00e9 isolada e adicionada em alimentos para aumentar o [&hellip;]\" \/>\n<meta property=\"og:url\" content=\"https:\/\/nutritotal.com.br\/pro\/fibras-soluveis-e-inulina-porque-quando-e-quanto-prescrever\/\" \/>\n<meta property=\"og:site_name\" content=\"Nutritotal PRO\" \/>\n<meta property=\"article:publisher\" content=\"https:\/\/www.facebook.com\/nutritotalPRO\/\" \/>\n<meta property=\"article:published_time\" content=\"2012-10-03T06:00:00+00:00\" \/>\n<meta property=\"article:modified_time\" content=\"2023-05-31T16:56:05+00:00\" \/>\n<meta property=\"og:image\" content=\"https:\/\/nutritotal.com.br\/pro\/wp-content\/uploads\/2013\/01\/299-webbaner_nutrilite2012.gif\" \/>\n<meta name=\"author\" content=\"nutriletterimportacao\" \/>\n<meta name=\"twitter:card\" content=\"summary_large_image\" \/>\n<meta name=\"twitter:label1\" content=\"Escrito por\" \/>\n\t<meta name=\"twitter:data1\" content=\"nutriletterimportacao\" \/>\n\t<meta name=\"twitter:label2\" content=\"Est. tempo de leitura\" \/>\n\t<meta name=\"twitter:data2\" content=\"6 minutos\" \/>\n<script type=\"application\/ld+json\" class=\"yoast-schema-graph\">{\"@context\":\"https:\/\/schema.org\",\"@graph\":[{\"@type\":\"Article\",\"@id\":\"https:\/\/nutritotal.com.br\/pro\/fibras-soluveis-e-inulina-porque-quando-e-quanto-prescrever\/#article\",\"isPartOf\":{\"@id\":\"https:\/\/nutritotal.com.br\/pro\/fibras-soluveis-e-inulina-porque-quando-e-quanto-prescrever\/\"},\"author\":{\"name\":\"nutriletterimportacao\",\"@id\":\"https:\/\/nutritotal.com.br\/pro\/#\/schema\/person\/2d4bd08bf67e2157e88c9e0de685c224\"},\"headline\":\"Fibras sol\u00faveis e inulina: Porque, Quando e Quanto Prescrever?\",\"datePublished\":\"2012-10-03T06:00:00+00:00\",\"dateModified\":\"2023-05-31T16:56:05+00:00\",\"mainEntityOfPage\":{\"@id\":\"https:\/\/nutritotal.com.br\/pro\/fibras-soluveis-e-inulina-porque-quando-e-quanto-prescrever\/\"},\"wordCount\":1093,\"commentCount\":0,\"publisher\":{\"@id\":\"https:\/\/nutritotal.com.br\/pro\/#organization\"},\"image\":{\"@id\":\"https:\/\/nutritotal.com.br\/pro\/fibras-soluveis-e-inulina-porque-quando-e-quanto-prescrever\/#primaryimage\"},\"thumbnailUrl\":\"https:\/\/nutritotal.com.br\/pro\/wp-content\/uploads\/2013\/01\/299-webbaner_nutrilite2012.gif\",\"inLanguage\":\"pt-BR\",\"potentialAction\":[{\"@type\":\"CommentAction\",\"name\":\"Comment\",\"target\":[\"https:\/\/nutritotal.com.br\/pro\/fibras-soluveis-e-inulina-porque-quando-e-quanto-prescrever\/#respond\"]}]},{\"@type\":\"WebPage\",\"@id\":\"https:\/\/nutritotal.com.br\/pro\/fibras-soluveis-e-inulina-porque-quando-e-quanto-prescrever\/\",\"url\":\"https:\/\/nutritotal.com.br\/pro\/fibras-soluveis-e-inulina-porque-quando-e-quanto-prescrever\/\",\"name\":\"Fibras sol\u00faveis e inulina: Porque, Quando e Quanto Prescrever? - Nutritotal PRO\",\"isPartOf\":{\"@id\":\"https:\/\/nutritotal.com.br\/pro\/#website\"},\"primaryImageOfPage\":{\"@id\":\"https:\/\/nutritotal.com.br\/pro\/fibras-soluveis-e-inulina-porque-quando-e-quanto-prescrever\/#primaryimage\"},\"image\":{\"@id\":\"https:\/\/nutritotal.com.br\/pro\/fibras-soluveis-e-inulina-porque-quando-e-quanto-prescrever\/#primaryimage\"},\"thumbnailUrl\":\"https:\/\/nutritotal.com.br\/pro\/wp-content\/uploads\/2013\/01\/299-webbaner_nutrilite2012.gif\",\"datePublished\":\"2012-10-03T06:00:00+00:00\",\"dateModified\":\"2023-05-31T16:56:05+00:00\",\"breadcrumb\":{\"@id\":\"https:\/\/nutritotal.com.br\/pro\/fibras-soluveis-e-inulina-porque-quando-e-quanto-prescrever\/#breadcrumb\"},\"inLanguage\":\"pt-BR\",\"potentialAction\":[{\"@type\":\"ReadAction\",\"target\":[\"https:\/\/nutritotal.com.br\/pro\/fibras-soluveis-e-inulina-porque-quando-e-quanto-prescrever\/\"]}]},{\"@type\":\"ImageObject\",\"inLanguage\":\"pt-BR\",\"@id\":\"https:\/\/nutritotal.com.br\/pro\/fibras-soluveis-e-inulina-porque-quando-e-quanto-prescrever\/#primaryimage\",\"url\":\"https:\/\/nutritotal.com.br\/pro\/wp-content\/uploads\/2013\/01\/299-webbaner_nutrilite2012.gif\",\"contentUrl\":\"https:\/\/nutritotal.com.br\/pro\/wp-content\/uploads\/2013\/01\/299-webbaner_nutrilite2012.gif\"},{\"@type\":\"BreadcrumbList\",\"@id\":\"https:\/\/nutritotal.com.br\/pro\/fibras-soluveis-e-inulina-porque-quando-e-quanto-prescrever\/#breadcrumb\",\"itemListElement\":[{\"@type\":\"ListItem\",\"position\":1,\"name\":\"Home\",\"item\":\"https:\/\/nutritotal.com.br\/pro\/\"},{\"@type\":\"ListItem\",\"position\":2,\"name\":\"Fibras sol\u00faveis e inulina: Porque, Quando e Quanto Prescrever?\"}]},{\"@type\":\"WebSite\",\"@id\":\"https:\/\/nutritotal.com.br\/pro\/#website\",\"url\":\"https:\/\/nutritotal.com.br\/pro\/\",\"name\":\"Nutritotal PRO\",\"description\":\"\",\"publisher\":{\"@id\":\"https:\/\/nutritotal.com.br\/pro\/#organization\"},\"potentialAction\":[{\"@type\":\"SearchAction\",\"target\":{\"@type\":\"EntryPoint\",\"urlTemplate\":\"https:\/\/nutritotal.com.br\/pro\/?s={search_term_string}\"},\"query-input\":{\"@type\":\"PropertyValueSpecification\",\"valueRequired\":true,\"valueName\":\"search_term_string\"}}],\"inLanguage\":\"pt-BR\"},{\"@type\":\"Organization\",\"@id\":\"https:\/\/nutritotal.com.br\/pro\/#organization\",\"name\":\"Nutri Total\",\"url\":\"https:\/\/nutritotal.com.br\/pro\/\",\"logo\":{\"@type\":\"ImageObject\",\"inLanguage\":\"pt-BR\",\"@id\":\"https:\/\/nutritotal.com.br\/pro\/#\/schema\/logo\/image\/\",\"url\":\"https:\/\/nutritotal.com.br\/pro\/wp-content\/uploads\/2022\/12\/Nutritotal-Pro-Vertical-02.png\",\"contentUrl\":\"https:\/\/nutritotal.com.br\/pro\/wp-content\/uploads\/2022\/12\/Nutritotal-Pro-Vertical-02.png\",\"width\":426,\"height\":426,\"caption\":\"Nutri Total\"},\"image\":{\"@id\":\"https:\/\/nutritotal.com.br\/pro\/#\/schema\/logo\/image\/\"},\"sameAs\":[\"https:\/\/www.facebook.com\/nutritotalPRO\/\",\"https:\/\/www.instagram.com\/nutritotalpro\/\",\"https:\/\/www.youtube.com\/channel\/UCf01IyXkHLYUDGG0-XHR-YA\"]},{\"@type\":\"Person\",\"@id\":\"https:\/\/nutritotal.com.br\/pro\/#\/schema\/person\/2d4bd08bf67e2157e88c9e0de685c224\",\"name\":\"nutriletterimportacao\",\"image\":{\"@type\":\"ImageObject\",\"inLanguage\":\"pt-BR\",\"@id\":\"https:\/\/nutritotal.com.br\/pro\/#\/schema\/person\/image\/\",\"url\":\"https:\/\/secure.gravatar.com\/avatar\/ec9c6b2f18ce0fa6f2da93fd05428621?s=96&d=mm&r=g\",\"contentUrl\":\"https:\/\/secure.gravatar.com\/avatar\/ec9c6b2f18ce0fa6f2da93fd05428621?s=96&d=mm&r=g\",\"caption\":\"nutriletterimportacao\"},\"url\":\"https:\/\/nutritotal.com.br\/pro\/author\/nutriletterimportacao\/\"}]}<\/script>\n<!-- \/ Yoast SEO plugin. -->","yoast_head_json":{"title":"Fibras sol\u00faveis e inulina: Porque, Quando e Quanto Prescrever? - Nutritotal PRO","robots":{"index":"index","follow":"follow","max-snippet":"max-snippet:-1","max-image-preview":"max-image-preview:large","max-video-preview":"max-video-preview:-1"},"canonical":"https:\/\/nutritotal.com.br\/pro\/fibras-soluveis-e-inulina-porque-quando-e-quanto-prescrever\/","og_locale":"pt_BR","og_type":"article","og_title":"Fibras sol\u00faveis e inulina: Porque, Quando e Quanto Prescrever? - Nutritotal PRO","og_description":"A inulina \u00e9 um pol\u00edmero linear de frutose pertencente ao grupo de frutanos. Ela \u00e9 considerada como fibra alimentar, sendo encontrada naturalmente em uma variedade de plantas, como vegetais, principalmente na cebola, al\u00e9m dos cereais como trigo, a cevada, o centeio (1). Na ind\u00fastria a inulina \u00e9 isolada e adicionada em alimentos para aumentar o [&hellip;]","og_url":"https:\/\/nutritotal.com.br\/pro\/fibras-soluveis-e-inulina-porque-quando-e-quanto-prescrever\/","og_site_name":"Nutritotal PRO","article_publisher":"https:\/\/www.facebook.com\/nutritotalPRO\/","article_published_time":"2012-10-03T06:00:00+00:00","article_modified_time":"2023-05-31T16:56:05+00:00","og_image":[{"url":"https:\/\/nutritotal.com.br\/pro\/wp-content\/uploads\/2013\/01\/299-webbaner_nutrilite2012.gif"}],"author":"nutriletterimportacao","twitter_card":"summary_large_image","twitter_misc":{"Escrito por":"nutriletterimportacao","Est. tempo de leitura":"6 minutos"},"schema":{"@context":"https:\/\/schema.org","@graph":[{"@type":"Article","@id":"https:\/\/nutritotal.com.br\/pro\/fibras-soluveis-e-inulina-porque-quando-e-quanto-prescrever\/#article","isPartOf":{"@id":"https:\/\/nutritotal.com.br\/pro\/fibras-soluveis-e-inulina-porque-quando-e-quanto-prescrever\/"},"author":{"name":"nutriletterimportacao","@id":"https:\/\/nutritotal.com.br\/pro\/#\/schema\/person\/2d4bd08bf67e2157e88c9e0de685c224"},"headline":"Fibras sol\u00faveis e inulina: Porque, Quando e Quanto Prescrever?","datePublished":"2012-10-03T06:00:00+00:00","dateModified":"2023-05-31T16:56:05+00:00","mainEntityOfPage":{"@id":"https:\/\/nutritotal.com.br\/pro\/fibras-soluveis-e-inulina-porque-quando-e-quanto-prescrever\/"},"wordCount":1093,"commentCount":0,"publisher":{"@id":"https:\/\/nutritotal.com.br\/pro\/#organization"},"image":{"@id":"https:\/\/nutritotal.com.br\/pro\/fibras-soluveis-e-inulina-porque-quando-e-quanto-prescrever\/#primaryimage"},"thumbnailUrl":"https:\/\/nutritotal.com.br\/pro\/wp-content\/uploads\/2013\/01\/299-webbaner_nutrilite2012.gif","inLanguage":"pt-BR","potentialAction":[{"@type":"CommentAction","name":"Comment","target":["https:\/\/nutritotal.com.br\/pro\/fibras-soluveis-e-inulina-porque-quando-e-quanto-prescrever\/#respond"]}]},{"@type":"WebPage","@id":"https:\/\/nutritotal.com.br\/pro\/fibras-soluveis-e-inulina-porque-quando-e-quanto-prescrever\/","url":"https:\/\/nutritotal.com.br\/pro\/fibras-soluveis-e-inulina-porque-quando-e-quanto-prescrever\/","name":"Fibras sol\u00faveis e inulina: Porque, Quando e Quanto Prescrever? - Nutritotal PRO","isPartOf":{"@id":"https:\/\/nutritotal.com.br\/pro\/#website"},"primaryImageOfPage":{"@id":"https:\/\/nutritotal.com.br\/pro\/fibras-soluveis-e-inulina-porque-quando-e-quanto-prescrever\/#primaryimage"},"image":{"@id":"https:\/\/nutritotal.com.br\/pro\/fibras-soluveis-e-inulina-porque-quando-e-quanto-prescrever\/#primaryimage"},"thumbnailUrl":"https:\/\/nutritotal.com.br\/pro\/wp-content\/uploads\/2013\/01\/299-webbaner_nutrilite2012.gif","datePublished":"2012-10-03T06:00:00+00:00","dateModified":"2023-05-31T16:56:05+00:00","breadcrumb":{"@id":"https:\/\/nutritotal.com.br\/pro\/fibras-soluveis-e-inulina-porque-quando-e-quanto-prescrever\/#breadcrumb"},"inLanguage":"pt-BR","potentialAction":[{"@type":"ReadAction","target":["https:\/\/nutritotal.com.br\/pro\/fibras-soluveis-e-inulina-porque-quando-e-quanto-prescrever\/"]}]},{"@type":"ImageObject","inLanguage":"pt-BR","@id":"https:\/\/nutritotal.com.br\/pro\/fibras-soluveis-e-inulina-porque-quando-e-quanto-prescrever\/#primaryimage","url":"https:\/\/nutritotal.com.br\/pro\/wp-content\/uploads\/2013\/01\/299-webbaner_nutrilite2012.gif","contentUrl":"https:\/\/nutritotal.com.br\/pro\/wp-content\/uploads\/2013\/01\/299-webbaner_nutrilite2012.gif"},{"@type":"BreadcrumbList","@id":"https:\/\/nutritotal.com.br\/pro\/fibras-soluveis-e-inulina-porque-quando-e-quanto-prescrever\/#breadcrumb","itemListElement":[{"@type":"ListItem","position":1,"name":"Home","item":"https:\/\/nutritotal.com.br\/pro\/"},{"@type":"ListItem","position":2,"name":"Fibras sol\u00faveis e inulina: Porque, Quando e Quanto Prescrever?"}]},{"@type":"WebSite","@id":"https:\/\/nutritotal.com.br\/pro\/#website","url":"https:\/\/nutritotal.com.br\/pro\/","name":"Nutritotal PRO","description":"","publisher":{"@id":"https:\/\/nutritotal.com.br\/pro\/#organization"},"potentialAction":[{"@type":"SearchAction","target":{"@type":"EntryPoint","urlTemplate":"https:\/\/nutritotal.com.br\/pro\/?s={search_term_string}"},"query-input":{"@type":"PropertyValueSpecification","valueRequired":true,"valueName":"search_term_string"}}],"inLanguage":"pt-BR"},{"@type":"Organization","@id":"https:\/\/nutritotal.com.br\/pro\/#organization","name":"Nutri Total","url":"https:\/\/nutritotal.com.br\/pro\/","logo":{"@type":"ImageObject","inLanguage":"pt-BR","@id":"https:\/\/nutritotal.com.br\/pro\/#\/schema\/logo\/image\/","url":"https:\/\/nutritotal.com.br\/pro\/wp-content\/uploads\/2022\/12\/Nutritotal-Pro-Vertical-02.png","contentUrl":"https:\/\/nutritotal.com.br\/pro\/wp-content\/uploads\/2022\/12\/Nutritotal-Pro-Vertical-02.png","width":426,"height":426,"caption":"Nutri Total"},"image":{"@id":"https:\/\/nutritotal.com.br\/pro\/#\/schema\/logo\/image\/"},"sameAs":["https:\/\/www.facebook.com\/nutritotalPRO\/","https:\/\/www.instagram.com\/nutritotalpro\/","https:\/\/www.youtube.com\/channel\/UCf01IyXkHLYUDGG0-XHR-YA"]},{"@type":"Person","@id":"https:\/\/nutritotal.com.br\/pro\/#\/schema\/person\/2d4bd08bf67e2157e88c9e0de685c224","name":"nutriletterimportacao","image":{"@type":"ImageObject","inLanguage":"pt-BR","@id":"https:\/\/nutritotal.com.br\/pro\/#\/schema\/person\/image\/","url":"https:\/\/secure.gravatar.com\/avatar\/ec9c6b2f18ce0fa6f2da93fd05428621?s=96&d=mm&r=g","contentUrl":"https:\/\/secure.gravatar.com\/avatar\/ec9c6b2f18ce0fa6f2da93fd05428621?s=96&d=mm&r=g","caption":"nutriletterimportacao"},"url":"https:\/\/nutritotal.com.br\/pro\/author\/nutriletterimportacao\/"}]}},"views":5125,"amp_enabled":true,"_links":{"self":[{"href":"https:\/\/nutritotal.com.br\/pro\/wp-json\/wp\/v2\/posts\/35357"}],"collection":[{"href":"https:\/\/nutritotal.com.br\/pro\/wp-json\/wp\/v2\/posts"}],"about":[{"href":"https:\/\/nutritotal.com.br\/pro\/wp-json\/wp\/v2\/types\/post"}],"author":[{"embeddable":true,"href":"https:\/\/nutritotal.com.br\/pro\/wp-json\/wp\/v2\/users\/112416"}],"replies":[{"embeddable":true,"href":"https:\/\/nutritotal.com.br\/pro\/wp-json\/wp\/v2\/comments?post=35357"}],"version-history":[{"count":1,"href":"https:\/\/nutritotal.com.br\/pro\/wp-json\/wp\/v2\/posts\/35357\/revisions"}],"predecessor-version":[{"id":59229,"href":"https:\/\/nutritotal.com.br\/pro\/wp-json\/wp\/v2\/posts\/35357\/revisions\/59229"}],"wp:attachment":[{"href":"https:\/\/nutritotal.com.br\/pro\/wp-json\/wp\/v2\/media?parent=35357"}],"wp:term":[{"taxonomy":"category","embeddable":true,"href":"https:\/\/nutritotal.com.br\/pro\/wp-json\/wp\/v2\/categories?post=35357"},{"taxonomy":"post_tag","embeddable":true,"href":"https:\/\/nutritotal.com.br\/pro\/wp-json\/wp\/v2\/tags?post=35357"},{"taxonomy":"divisao","embeddable":true,"href":"https:\/\/nutritotal.com.br\/pro\/wp-json\/wp\/v2\/divisao?post=35357"}],"curies":[{"name":"wp","href":"https:\/\/api.w.org\/{rel}","templated":true}]}}