
{"id":38603,"date":"2019-03-25T16:02:28","date_gmt":"2019-03-25T19:02:28","guid":{"rendered":"https:\/\/nutritotal.com.br\/pro\/?p=38603"},"modified":"2023-06-02T09:21:28","modified_gmt":"2023-06-02T12:21:28","slug":"nutricao-enteral-peri-operatoria-versus-cuidados-padrao-e-desfechos-clinicos-em-cirurgia-colorretal","status":"publish","type":"post","link":"https:\/\/nutritotal.com.br\/pro\/nutricao-enteral-peri-operatoria-versus-cuidados-padrao-e-desfechos-clinicos-em-cirurgia-colorretal\/","title":{"rendered":"Nutri\u00e7\u00e3o Enteral peri-operat\u00f3ria versus Cuidados Padr\u00e3o e desfechos cl\u00ednicos em cirurgia colorretal"},"content":{"rendered":"<p><img loading=\"lazy\" decoding=\"async\" class=\"alignnone size-full wp-image-38611\" src=\"https:\/\/nutritotal.com.br\/pro\/wp-content\/uploads\/2019\/03\/nota1-Nutricao-Enteral-peri-operatoria.jpg\" alt=\"\" width=\"1140\" height=\"501\" srcset=\"https:\/\/nutritotal.com.br\/pro\/wp-content\/uploads\/2019\/03\/nota1-Nutricao-Enteral-peri-operatoria.jpg 1140w, https:\/\/nutritotal.com.br\/pro\/wp-content\/uploads\/2019\/03\/nota1-Nutricao-Enteral-peri-operatoria-300x132.jpg 300w, https:\/\/nutritotal.com.br\/pro\/wp-content\/uploads\/2019\/03\/nota1-Nutricao-Enteral-peri-operatoria-1024x450.jpg 1024w, https:\/\/nutritotal.com.br\/pro\/wp-content\/uploads\/2019\/03\/nota1-Nutricao-Enteral-peri-operatoria-768x338.jpg 768w\" sizes=\"(max-width: 1140px) 100vw, 1140px\" \/><\/p>\n<p>Trabalho publicado na revista The Lancet investigou os efeitos de uma nutri\u00e7\u00e3o enteral enriquecida com lip\u00eddeos administrada logo antes, durante e ap\u00f3s cirurgia de ressec\u00e7\u00e3o colorretal sobre a ocorr\u00eancia de \u00edleo p\u00f3s operat\u00f3rio e deisc\u00eancia da anastomose.<\/p>\n<p>Para isso, foi realizado um estudo multic\u00eantrico internacional, duplo cego, paralelo randomizado controlado com indiv\u00edduos maiores de 18 anos que realizariam cirurgia eletiva. No dia anterior a cirurgia, todos os pacientes receberam sonda naso-jejunal migrat\u00f3ria e foram randomizados em grupo interven\u00e7\u00e3o, que recebeu dieta enteral cont\u00ednua enriquecida com lip\u00eddeos, ou grupo controle, que n\u00e3o recebeu nutri\u00e7\u00e3o peri operat\u00f3ria, mas recebeu solu\u00e7\u00e3o salina para cegamento do estudo. No grupo interven\u00e7\u00e3o foi administrado 1,5 ml\/min de dieta enteral a partir de 3 horas antes da opera\u00e7\u00e3o, permanecendo durante a cirurgia e ap\u00f3s 6 horas do t\u00e9rmino da mesma. Os pacientes de ambos os grupos foram acompanhados seguindo o protocolo ERAS para paciente cir\u00fargico e seguidos durante 90 dias do p\u00f3s-operat\u00f3rio.<\/p>\n<p>280 pacientes foram avaliados, sendo 139 no grupo interven\u00e7\u00e3o e 141 no grupo controle, fazendo parte da an\u00e1lise final 132 e 133 pacientes, respectivamente. A indica\u00e7\u00e3o cir\u00fargica principal foi c\u00e2ncer colorretal em ambos os grupos (92%). N\u00e3o foi encontrada diferen\u00e7a entre os grupos na ocorr\u00eancia de \u00edleo p\u00f3s-operat\u00f3rio, tempo at\u00e9 a ingest\u00e3o oral, tempo para flatos, tempo para a primeira evacua\u00e7\u00e3o e uso de opioides. A ocorr\u00eancia e a gravidade de deisc\u00eancia de anastomose foi similar entre os grupos, assim como a incid\u00eancia de infec\u00e7\u00e3o do trato urin\u00e1rio e infec\u00e7\u00e3o geral. A incid\u00eancia de pneumonia foi maior no grupo interven\u00e7\u00e3o que no grupo controle (p = 0,051). Tamb\u00e9m n\u00e3o houve diferen\u00e7a entre os grupos na taxa de complica\u00e7\u00f5es ou readmiss\u00f5es no per\u00edodo de 30 e 90 dias. O tempo de recupera\u00e7\u00e3o funcional e tempo de hospitaliza\u00e7\u00e3o foi semelhante entre os grupos, embora houvesse uma tend\u00eancia a um tempo mais prolongado no grupo interven\u00e7\u00e3o. O volume residual g\u00e1strico medido quando retirada a sonda nasoenteral (6h ap\u00f3s a cirurgia) foi maior no grupo interven\u00e7\u00e3o, por\u00e9m o conte\u00fado era claro e n\u00e3o foi aspirado res\u00edduo de dieta enteral. N\u00e3o foi observada aspira\u00e7\u00e3o em nenhum indiv\u00edduo. N\u00e3o foi observada diferen\u00e7a nas concentra\u00e7\u00f5es de PCR entre os grupos em nenhum dia.<\/p>\n<p>Autores apontam que existem limita\u00e7\u00f5es no estudo como aus\u00eancia de padroniza\u00e7\u00e3o entre os centros participantes, e o fato da ades\u00e3o ao protocolo ERAS n\u00e3o ter sido monitorada continuamente durante todo o acompanhamento.<\/p>\n<p>Com isso, os autores conclu\u00edram que nutri\u00e7\u00e3o enteral enriquecida com lip\u00eddeos no peri operat\u00f3rio em cirurgias eletivas n\u00e3o melhorou desfechos cl\u00ednicos e complica\u00e7\u00f5es p\u00f3s-operat\u00f3rias em compara\u00e7\u00e3o as pr\u00e1ticas padr\u00f5es em cirurgia colorretal.<\/p>\n","protected":false},"excerpt":{"rendered":"<p>Trabalho publicado na revista \u201cThe Lancet\u201d avaliou se a administra\u00e7\u00e3o de dieta enteral antes, durante e ap\u00f3s procedimento cir\u00fargico traria benef\u00edcios no p\u00f3s-operat\u00f3rio de pacientes submetidos \u00e0 cirurgia colorretal, em compara\u00e7\u00e3o ao jejum comumente realizado<\/p>\n","protected":false},"author":112426,"featured_media":38610,"comment_status":"open","ping_status":"open","sticky":false,"template":"","format":"standard","meta":{"_acf_changed":false,"footnotes":""},"categories":[576],"tags":[188,194,532],"divisao":[2185,2192,3327],"acf":[],"yoast_head":"<!-- This site is optimized with the Yoast SEO plugin v23.5 - https:\/\/yoast.com\/wordpress\/plugins\/seo\/ -->\n<title>Nutri\u00e7\u00e3o Enteral peri-operat\u00f3ria versus Cuidados Padr\u00e3o e desfechos cl\u00ednicos em cirurgia colorretal - Nutritotal PRO<\/title>\n<meta name=\"robots\" content=\"index, follow, max-snippet:-1, max-image-preview:large, max-video-preview:-1\" \/>\n<link rel=\"canonical\" href=\"https:\/\/nutritotal.com.br\/pro\/nutricao-enteral-peri-operatoria-versus-cuidados-padrao-e-desfechos-clinicos-em-cirurgia-colorretal\/\" \/>\n<meta property=\"og:locale\" content=\"pt_BR\" \/>\n<meta property=\"og:type\" content=\"article\" \/>\n<meta property=\"og:title\" content=\"Nutri\u00e7\u00e3o Enteral peri-operat\u00f3ria versus Cuidados Padr\u00e3o e desfechos cl\u00ednicos em cirurgia colorretal - Nutritotal PRO\" \/>\n<meta property=\"og:description\" content=\"Trabalho publicado na revista \u201cThe Lancet\u201d avaliou se a administra\u00e7\u00e3o de dieta enteral antes, durante e ap\u00f3s procedimento cir\u00fargico traria benef\u00edcios no p\u00f3s-operat\u00f3rio de pacientes submetidos \u00e0 cirurgia colorretal, em compara\u00e7\u00e3o ao jejum comumente realizado\" \/>\n<meta property=\"og:url\" content=\"https:\/\/nutritotal.com.br\/pro\/nutricao-enteral-peri-operatoria-versus-cuidados-padrao-e-desfechos-clinicos-em-cirurgia-colorretal\/\" \/>\n<meta property=\"og:site_name\" content=\"Nutritotal PRO\" \/>\n<meta property=\"article:publisher\" content=\"https:\/\/www.facebook.com\/nutritotalPRO\/\" \/>\n<meta property=\"article:author\" content=\"https:\/\/web.facebook.com\/nutritotalPRO\/?ref=pages_you_manage\" \/>\n<meta property=\"article:published_time\" content=\"2019-03-25T19:02:28+00:00\" \/>\n<meta property=\"article:modified_time\" content=\"2023-06-02T12:21:28+00:00\" \/>\n<meta property=\"og:image\" content=\"https:\/\/nutritotal.com.br\/pro\/wp-content\/uploads\/2019\/03\/nota1-Nutricao-Enteral-peri-operatoria-destacada.jpg\" \/>\n\t<meta property=\"og:image:width\" content=\"257\" \/>\n\t<meta property=\"og:image:height\" content=\"165\" \/>\n\t<meta property=\"og:image:type\" content=\"image\/jpeg\" \/>\n<meta name=\"author\" content=\"Reda\u00e7\u00e3o Nutritotal PRO\" \/>\n<meta name=\"twitter:card\" content=\"summary_large_image\" \/>\n<meta name=\"twitter:label1\" content=\"Escrito por\" \/>\n\t<meta name=\"twitter:data1\" content=\"Reda\u00e7\u00e3o Nutritotal PRO\" \/>\n\t<meta name=\"twitter:label2\" content=\"Est. tempo de leitura\" \/>\n\t<meta name=\"twitter:data2\" content=\"2 minutos\" \/>\n<script type=\"application\/ld+json\" class=\"yoast-schema-graph\">{\"@context\":\"https:\/\/schema.org\",\"@graph\":[{\"@type\":\"Article\",\"@id\":\"https:\/\/nutritotal.com.br\/pro\/nutricao-enteral-peri-operatoria-versus-cuidados-padrao-e-desfechos-clinicos-em-cirurgia-colorretal\/#article\",\"isPartOf\":{\"@id\":\"https:\/\/nutritotal.com.br\/pro\/nutricao-enteral-peri-operatoria-versus-cuidados-padrao-e-desfechos-clinicos-em-cirurgia-colorretal\/\"},\"author\":{\"name\":\"Reda\u00e7\u00e3o Nutritotal PRO\",\"@id\":\"https:\/\/nutritotal.com.br\/pro\/#\/schema\/person\/0eed39f3d4de651572ac994d90b2e959\"},\"headline\":\"Nutri\u00e7\u00e3o Enteral peri-operat\u00f3ria versus Cuidados Padr\u00e3o e desfechos cl\u00ednicos em cirurgia colorretal\",\"datePublished\":\"2019-03-25T19:02:28+00:00\",\"dateModified\":\"2023-06-02T12:21:28+00:00\",\"mainEntityOfPage\":{\"@id\":\"https:\/\/nutritotal.com.br\/pro\/nutricao-enteral-peri-operatoria-versus-cuidados-padrao-e-desfechos-clinicos-em-cirurgia-colorretal\/\"},\"wordCount\":512,\"commentCount\":0,\"publisher\":{\"@id\":\"https:\/\/nutritotal.com.br\/pro\/#organization\"},\"image\":{\"@id\":\"https:\/\/nutritotal.com.br\/pro\/nutricao-enteral-peri-operatoria-versus-cuidados-padrao-e-desfechos-clinicos-em-cirurgia-colorretal\/#primaryimage\"},\"thumbnailUrl\":\"https:\/\/nutritotal.com.br\/pro\/wp-content\/uploads\/2019\/03\/nota1-Nutricao-Enteral-peri-operatoria-destacada.jpg\",\"keywords\":[\"lip\u00eddeos\",\"nutri\u00e7\u00e3o enteral\",\"p\u00f3s-operat\u00f3rio\"],\"articleSection\":[\"Nutri\u00e7\u00e3o Enteral\"],\"inLanguage\":\"pt-BR\",\"potentialAction\":[{\"@type\":\"CommentAction\",\"name\":\"Comment\",\"target\":[\"https:\/\/nutritotal.com.br\/pro\/nutricao-enteral-peri-operatoria-versus-cuidados-padrao-e-desfechos-clinicos-em-cirurgia-colorretal\/#respond\"]}]},{\"@type\":\"WebPage\",\"@id\":\"https:\/\/nutritotal.com.br\/pro\/nutricao-enteral-peri-operatoria-versus-cuidados-padrao-e-desfechos-clinicos-em-cirurgia-colorretal\/\",\"url\":\"https:\/\/nutritotal.com.br\/pro\/nutricao-enteral-peri-operatoria-versus-cuidados-padrao-e-desfechos-clinicos-em-cirurgia-colorretal\/\",\"name\":\"Nutri\u00e7\u00e3o Enteral peri-operat\u00f3ria versus Cuidados Padr\u00e3o e desfechos cl\u00ednicos em cirurgia colorretal - Nutritotal PRO\",\"isPartOf\":{\"@id\":\"https:\/\/nutritotal.com.br\/pro\/#website\"},\"primaryImageOfPage\":{\"@id\":\"https:\/\/nutritotal.com.br\/pro\/nutricao-enteral-peri-operatoria-versus-cuidados-padrao-e-desfechos-clinicos-em-cirurgia-colorretal\/#primaryimage\"},\"image\":{\"@id\":\"https:\/\/nutritotal.com.br\/pro\/nutricao-enteral-peri-operatoria-versus-cuidados-padrao-e-desfechos-clinicos-em-cirurgia-colorretal\/#primaryimage\"},\"thumbnailUrl\":\"https:\/\/nutritotal.com.br\/pro\/wp-content\/uploads\/2019\/03\/nota1-Nutricao-Enteral-peri-operatoria-destacada.jpg\",\"datePublished\":\"2019-03-25T19:02:28+00:00\",\"dateModified\":\"2023-06-02T12:21:28+00:00\",\"breadcrumb\":{\"@id\":\"https:\/\/nutritotal.com.br\/pro\/nutricao-enteral-peri-operatoria-versus-cuidados-padrao-e-desfechos-clinicos-em-cirurgia-colorretal\/#breadcrumb\"},\"inLanguage\":\"pt-BR\",\"potentialAction\":[{\"@type\":\"ReadAction\",\"target\":[\"https:\/\/nutritotal.com.br\/pro\/nutricao-enteral-peri-operatoria-versus-cuidados-padrao-e-desfechos-clinicos-em-cirurgia-colorretal\/\"]}]},{\"@type\":\"ImageObject\",\"inLanguage\":\"pt-BR\",\"@id\":\"https:\/\/nutritotal.com.br\/pro\/nutricao-enteral-peri-operatoria-versus-cuidados-padrao-e-desfechos-clinicos-em-cirurgia-colorretal\/#primaryimage\",\"url\":\"https:\/\/nutritotal.com.br\/pro\/wp-content\/uploads\/2019\/03\/nota1-Nutricao-Enteral-peri-operatoria-destacada.jpg\",\"contentUrl\":\"https:\/\/nutritotal.com.br\/pro\/wp-content\/uploads\/2019\/03\/nota1-Nutricao-Enteral-peri-operatoria-destacada.jpg\",\"width\":257,\"height\":165},{\"@type\":\"BreadcrumbList\",\"@id\":\"https:\/\/nutritotal.com.br\/pro\/nutricao-enteral-peri-operatoria-versus-cuidados-padrao-e-desfechos-clinicos-em-cirurgia-colorretal\/#breadcrumb\",\"itemListElement\":[{\"@type\":\"ListItem\",\"position\":1,\"name\":\"Home\",\"item\":\"https:\/\/nutritotal.com.br\/pro\/\"},{\"@type\":\"ListItem\",\"position\":2,\"name\":\"Nutri\u00e7\u00e3o Enteral peri-operat\u00f3ria versus Cuidados Padr\u00e3o e desfechos cl\u00ednicos em cirurgia colorretal\"}]},{\"@type\":\"WebSite\",\"@id\":\"https:\/\/nutritotal.com.br\/pro\/#website\",\"url\":\"https:\/\/nutritotal.com.br\/pro\/\",\"name\":\"Nutritotal PRO\",\"description\":\"\",\"publisher\":{\"@id\":\"https:\/\/nutritotal.com.br\/pro\/#organization\"},\"potentialAction\":[{\"@type\":\"SearchAction\",\"target\":{\"@type\":\"EntryPoint\",\"urlTemplate\":\"https:\/\/nutritotal.com.br\/pro\/?s={search_term_string}\"},\"query-input\":{\"@type\":\"PropertyValueSpecification\",\"valueRequired\":true,\"valueName\":\"search_term_string\"}}],\"inLanguage\":\"pt-BR\"},{\"@type\":\"Organization\",\"@id\":\"https:\/\/nutritotal.com.br\/pro\/#organization\",\"name\":\"Nutri Total\",\"url\":\"https:\/\/nutritotal.com.br\/pro\/\",\"logo\":{\"@type\":\"ImageObject\",\"inLanguage\":\"pt-BR\",\"@id\":\"https:\/\/nutritotal.com.br\/pro\/#\/schema\/logo\/image\/\",\"url\":\"https:\/\/nutritotal.com.br\/pro\/wp-content\/uploads\/2022\/12\/Nutritotal-Pro-Vertical-02.png\",\"contentUrl\":\"https:\/\/nutritotal.com.br\/pro\/wp-content\/uploads\/2022\/12\/Nutritotal-Pro-Vertical-02.png\",\"width\":426,\"height\":426,\"caption\":\"Nutri Total\"},\"image\":{\"@id\":\"https:\/\/nutritotal.com.br\/pro\/#\/schema\/logo\/image\/\"},\"sameAs\":[\"https:\/\/www.facebook.com\/nutritotalPRO\/\",\"https:\/\/www.instagram.com\/nutritotalpro\/\",\"https:\/\/www.youtube.com\/channel\/UCf01IyXkHLYUDGG0-XHR-YA\"]},{\"@type\":\"Person\",\"@id\":\"https:\/\/nutritotal.com.br\/pro\/#\/schema\/person\/0eed39f3d4de651572ac994d90b2e959\",\"name\":\"Reda\u00e7\u00e3o Nutritotal PRO\",\"image\":{\"@type\":\"ImageObject\",\"inLanguage\":\"pt-BR\",\"@id\":\"https:\/\/nutritotal.com.br\/pro\/#\/schema\/person\/image\/\",\"url\":\"https:\/\/secure.gravatar.com\/avatar\/32c3237a991b6c36cac6846ff4b26eff?s=96&d=mm&r=g\",\"contentUrl\":\"https:\/\/secure.gravatar.com\/avatar\/32c3237a991b6c36cac6846ff4b26eff?s=96&d=mm&r=g\",\"caption\":\"Reda\u00e7\u00e3o Nutritotal PRO\"},\"description\":\"A Reda\u00e7\u00e3o Nutritotal \u00e9 formada por nutricionistas, m\u00e9dicos e estudantes de nutri\u00e7\u00e3o que t\u00eam a preocupa\u00e7\u00e3o de produzir conte\u00fados atuais, baseados em evid\u00eancia cient\u00edficas, sempre com o objetivo de facilitar a pr\u00e1tica cl\u00ednica de profissionais da \u00e1rea da sa\u00fade.\",\"sameAs\":[\"https:\/\/web.facebook.com\/nutritotalPRO\/?ref=pages_you_manage\",\"https:\/\/instagram.com\/nutritotalpro?utm_medium=copy_link\"],\"url\":\"https:\/\/nutritotal.com.br\/pro\/author\/debora\/\"}]}<\/script>\n<!-- \/ Yoast SEO plugin. -->","yoast_head_json":{"title":"Nutri\u00e7\u00e3o Enteral peri-operat\u00f3ria versus Cuidados Padr\u00e3o e desfechos cl\u00ednicos em cirurgia colorretal - Nutritotal PRO","robots":{"index":"index","follow":"follow","max-snippet":"max-snippet:-1","max-image-preview":"max-image-preview:large","max-video-preview":"max-video-preview:-1"},"canonical":"https:\/\/nutritotal.com.br\/pro\/nutricao-enteral-peri-operatoria-versus-cuidados-padrao-e-desfechos-clinicos-em-cirurgia-colorretal\/","og_locale":"pt_BR","og_type":"article","og_title":"Nutri\u00e7\u00e3o Enteral peri-operat\u00f3ria versus Cuidados Padr\u00e3o e desfechos cl\u00ednicos em cirurgia colorretal - Nutritotal PRO","og_description":"Trabalho publicado na revista \u201cThe Lancet\u201d avaliou se a administra\u00e7\u00e3o de dieta enteral antes, durante e ap\u00f3s procedimento cir\u00fargico traria benef\u00edcios no p\u00f3s-operat\u00f3rio de pacientes submetidos \u00e0 cirurgia colorretal, em compara\u00e7\u00e3o ao jejum comumente realizado","og_url":"https:\/\/nutritotal.com.br\/pro\/nutricao-enteral-peri-operatoria-versus-cuidados-padrao-e-desfechos-clinicos-em-cirurgia-colorretal\/","og_site_name":"Nutritotal PRO","article_publisher":"https:\/\/www.facebook.com\/nutritotalPRO\/","article_author":"https:\/\/web.facebook.com\/nutritotalPRO\/?ref=pages_you_manage","article_published_time":"2019-03-25T19:02:28+00:00","article_modified_time":"2023-06-02T12:21:28+00:00","og_image":[{"width":257,"height":165,"url":"https:\/\/nutritotal.com.br\/pro\/wp-content\/uploads\/2019\/03\/nota1-Nutricao-Enteral-peri-operatoria-destacada.jpg","type":"image\/jpeg"}],"author":"Reda\u00e7\u00e3o Nutritotal PRO","twitter_card":"summary_large_image","twitter_misc":{"Escrito por":"Reda\u00e7\u00e3o Nutritotal PRO","Est. tempo de leitura":"2 minutos"},"schema":{"@context":"https:\/\/schema.org","@graph":[{"@type":"Article","@id":"https:\/\/nutritotal.com.br\/pro\/nutricao-enteral-peri-operatoria-versus-cuidados-padrao-e-desfechos-clinicos-em-cirurgia-colorretal\/#article","isPartOf":{"@id":"https:\/\/nutritotal.com.br\/pro\/nutricao-enteral-peri-operatoria-versus-cuidados-padrao-e-desfechos-clinicos-em-cirurgia-colorretal\/"},"author":{"name":"Reda\u00e7\u00e3o Nutritotal PRO","@id":"https:\/\/nutritotal.com.br\/pro\/#\/schema\/person\/0eed39f3d4de651572ac994d90b2e959"},"headline":"Nutri\u00e7\u00e3o Enteral peri-operat\u00f3ria versus Cuidados Padr\u00e3o e desfechos cl\u00ednicos em cirurgia colorretal","datePublished":"2019-03-25T19:02:28+00:00","dateModified":"2023-06-02T12:21:28+00:00","mainEntityOfPage":{"@id":"https:\/\/nutritotal.com.br\/pro\/nutricao-enteral-peri-operatoria-versus-cuidados-padrao-e-desfechos-clinicos-em-cirurgia-colorretal\/"},"wordCount":512,"commentCount":0,"publisher":{"@id":"https:\/\/nutritotal.com.br\/pro\/#organization"},"image":{"@id":"https:\/\/nutritotal.com.br\/pro\/nutricao-enteral-peri-operatoria-versus-cuidados-padrao-e-desfechos-clinicos-em-cirurgia-colorretal\/#primaryimage"},"thumbnailUrl":"https:\/\/nutritotal.com.br\/pro\/wp-content\/uploads\/2019\/03\/nota1-Nutricao-Enteral-peri-operatoria-destacada.jpg","keywords":["lip\u00eddeos","nutri\u00e7\u00e3o enteral","p\u00f3s-operat\u00f3rio"],"articleSection":["Nutri\u00e7\u00e3o Enteral"],"inLanguage":"pt-BR","potentialAction":[{"@type":"CommentAction","name":"Comment","target":["https:\/\/nutritotal.com.br\/pro\/nutricao-enteral-peri-operatoria-versus-cuidados-padrao-e-desfechos-clinicos-em-cirurgia-colorretal\/#respond"]}]},{"@type":"WebPage","@id":"https:\/\/nutritotal.com.br\/pro\/nutricao-enteral-peri-operatoria-versus-cuidados-padrao-e-desfechos-clinicos-em-cirurgia-colorretal\/","url":"https:\/\/nutritotal.com.br\/pro\/nutricao-enteral-peri-operatoria-versus-cuidados-padrao-e-desfechos-clinicos-em-cirurgia-colorretal\/","name":"Nutri\u00e7\u00e3o Enteral peri-operat\u00f3ria versus Cuidados Padr\u00e3o e desfechos cl\u00ednicos em cirurgia colorretal - Nutritotal PRO","isPartOf":{"@id":"https:\/\/nutritotal.com.br\/pro\/#website"},"primaryImageOfPage":{"@id":"https:\/\/nutritotal.com.br\/pro\/nutricao-enteral-peri-operatoria-versus-cuidados-padrao-e-desfechos-clinicos-em-cirurgia-colorretal\/#primaryimage"},"image":{"@id":"https:\/\/nutritotal.com.br\/pro\/nutricao-enteral-peri-operatoria-versus-cuidados-padrao-e-desfechos-clinicos-em-cirurgia-colorretal\/#primaryimage"},"thumbnailUrl":"https:\/\/nutritotal.com.br\/pro\/wp-content\/uploads\/2019\/03\/nota1-Nutricao-Enteral-peri-operatoria-destacada.jpg","datePublished":"2019-03-25T19:02:28+00:00","dateModified":"2023-06-02T12:21:28+00:00","breadcrumb":{"@id":"https:\/\/nutritotal.com.br\/pro\/nutricao-enteral-peri-operatoria-versus-cuidados-padrao-e-desfechos-clinicos-em-cirurgia-colorretal\/#breadcrumb"},"inLanguage":"pt-BR","potentialAction":[{"@type":"ReadAction","target":["https:\/\/nutritotal.com.br\/pro\/nutricao-enteral-peri-operatoria-versus-cuidados-padrao-e-desfechos-clinicos-em-cirurgia-colorretal\/"]}]},{"@type":"ImageObject","inLanguage":"pt-BR","@id":"https:\/\/nutritotal.com.br\/pro\/nutricao-enteral-peri-operatoria-versus-cuidados-padrao-e-desfechos-clinicos-em-cirurgia-colorretal\/#primaryimage","url":"https:\/\/nutritotal.com.br\/pro\/wp-content\/uploads\/2019\/03\/nota1-Nutricao-Enteral-peri-operatoria-destacada.jpg","contentUrl":"https:\/\/nutritotal.com.br\/pro\/wp-content\/uploads\/2019\/03\/nota1-Nutricao-Enteral-peri-operatoria-destacada.jpg","width":257,"height":165},{"@type":"BreadcrumbList","@id":"https:\/\/nutritotal.com.br\/pro\/nutricao-enteral-peri-operatoria-versus-cuidados-padrao-e-desfechos-clinicos-em-cirurgia-colorretal\/#breadcrumb","itemListElement":[{"@type":"ListItem","position":1,"name":"Home","item":"https:\/\/nutritotal.com.br\/pro\/"},{"@type":"ListItem","position":2,"name":"Nutri\u00e7\u00e3o Enteral peri-operat\u00f3ria versus Cuidados Padr\u00e3o e desfechos cl\u00ednicos em cirurgia colorretal"}]},{"@type":"WebSite","@id":"https:\/\/nutritotal.com.br\/pro\/#website","url":"https:\/\/nutritotal.com.br\/pro\/","name":"Nutritotal PRO","description":"","publisher":{"@id":"https:\/\/nutritotal.com.br\/pro\/#organization"},"potentialAction":[{"@type":"SearchAction","target":{"@type":"EntryPoint","urlTemplate":"https:\/\/nutritotal.com.br\/pro\/?s={search_term_string}"},"query-input":{"@type":"PropertyValueSpecification","valueRequired":true,"valueName":"search_term_string"}}],"inLanguage":"pt-BR"},{"@type":"Organization","@id":"https:\/\/nutritotal.com.br\/pro\/#organization","name":"Nutri Total","url":"https:\/\/nutritotal.com.br\/pro\/","logo":{"@type":"ImageObject","inLanguage":"pt-BR","@id":"https:\/\/nutritotal.com.br\/pro\/#\/schema\/logo\/image\/","url":"https:\/\/nutritotal.com.br\/pro\/wp-content\/uploads\/2022\/12\/Nutritotal-Pro-Vertical-02.png","contentUrl":"https:\/\/nutritotal.com.br\/pro\/wp-content\/uploads\/2022\/12\/Nutritotal-Pro-Vertical-02.png","width":426,"height":426,"caption":"Nutri Total"},"image":{"@id":"https:\/\/nutritotal.com.br\/pro\/#\/schema\/logo\/image\/"},"sameAs":["https:\/\/www.facebook.com\/nutritotalPRO\/","https:\/\/www.instagram.com\/nutritotalpro\/","https:\/\/www.youtube.com\/channel\/UCf01IyXkHLYUDGG0-XHR-YA"]},{"@type":"Person","@id":"https:\/\/nutritotal.com.br\/pro\/#\/schema\/person\/0eed39f3d4de651572ac994d90b2e959","name":"Reda\u00e7\u00e3o Nutritotal PRO","image":{"@type":"ImageObject","inLanguage":"pt-BR","@id":"https:\/\/nutritotal.com.br\/pro\/#\/schema\/person\/image\/","url":"https:\/\/secure.gravatar.com\/avatar\/32c3237a991b6c36cac6846ff4b26eff?s=96&d=mm&r=g","contentUrl":"https:\/\/secure.gravatar.com\/avatar\/32c3237a991b6c36cac6846ff4b26eff?s=96&d=mm&r=g","caption":"Reda\u00e7\u00e3o Nutritotal PRO"},"description":"A Reda\u00e7\u00e3o Nutritotal \u00e9 formada por nutricionistas, m\u00e9dicos e estudantes de nutri\u00e7\u00e3o que t\u00eam a preocupa\u00e7\u00e3o de produzir conte\u00fados atuais, baseados em evid\u00eancia cient\u00edficas, sempre com o objetivo de facilitar a pr\u00e1tica cl\u00ednica de profissionais da \u00e1rea da sa\u00fade.","sameAs":["https:\/\/web.facebook.com\/nutritotalPRO\/?ref=pages_you_manage","https:\/\/instagram.com\/nutritotalpro?utm_medium=copy_link"],"url":"https:\/\/nutritotal.com.br\/pro\/author\/debora\/"}]}},"views":1369,"amp_enabled":true,"_links":{"self":[{"href":"https:\/\/nutritotal.com.br\/pro\/wp-json\/wp\/v2\/posts\/38603"}],"collection":[{"href":"https:\/\/nutritotal.com.br\/pro\/wp-json\/wp\/v2\/posts"}],"about":[{"href":"https:\/\/nutritotal.com.br\/pro\/wp-json\/wp\/v2\/types\/post"}],"author":[{"embeddable":true,"href":"https:\/\/nutritotal.com.br\/pro\/wp-json\/wp\/v2\/users\/112426"}],"replies":[{"embeddable":true,"href":"https:\/\/nutritotal.com.br\/pro\/wp-json\/wp\/v2\/comments?post=38603"}],"version-history":[{"count":1,"href":"https:\/\/nutritotal.com.br\/pro\/wp-json\/wp\/v2\/posts\/38603\/revisions"}],"predecessor-version":[{"id":60502,"href":"https:\/\/nutritotal.com.br\/pro\/wp-json\/wp\/v2\/posts\/38603\/revisions\/60502"}],"wp:featuredmedia":[{"embeddable":true,"href":"https:\/\/nutritotal.com.br\/pro\/wp-json\/wp\/v2\/media\/38610"}],"wp:attachment":[{"href":"https:\/\/nutritotal.com.br\/pro\/wp-json\/wp\/v2\/media?parent=38603"}],"wp:term":[{"taxonomy":"category","embeddable":true,"href":"https:\/\/nutritotal.com.br\/pro\/wp-json\/wp\/v2\/categories?post=38603"},{"taxonomy":"post_tag","embeddable":true,"href":"https:\/\/nutritotal.com.br\/pro\/wp-json\/wp\/v2\/tags?post=38603"},{"taxonomy":"divisao","embeddable":true,"href":"https:\/\/nutritotal.com.br\/pro\/wp-json\/wp\/v2\/divisao?post=38603"}],"curies":[{"name":"wp","href":"https:\/\/api.w.org\/{rel}","templated":true}]}}