
{"id":47622,"date":"2021-04-22T10:54:48","date_gmt":"2021-04-22T13:54:48","guid":{"rendered":"https:\/\/nutritotal.com.br\/pro\/?p=47622"},"modified":"2021-04-22T10:54:48","modified_gmt":"2021-04-22T13:54:48","slug":"influencia-dos-alimentos-e-nutrientes-na-recuperacao-da-covid-19","status":"publish","type":"post","link":"https:\/\/nutritotal.com.br\/pro\/influencia-dos-alimentos-e-nutrientes-na-recuperacao-da-covid-19\/","title":{"rendered":"Influ\u00eancia dos alimentos e nutrientes na recupera\u00e7\u00e3o da COVID-19"},"content":{"rendered":"<p><img loading=\"lazy\" decoding=\"async\" class=\"alignnone size-full wp-image-47624\" src=\"https:\/\/nutritotal.com.br\/pro\/wp-content\/uploads\/2021\/04\/Nota2_Influencia_dos_alimentos_e_nutrientes_na_COVID19_novosite.jpg\" alt=\"\" width=\"1140\" height=\"500\" srcset=\"https:\/\/nutritotal.com.br\/pro\/wp-content\/uploads\/2021\/04\/Nota2_Influencia_dos_alimentos_e_nutrientes_na_COVID19_novosite.jpg 1140w, https:\/\/nutritotal.com.br\/pro\/wp-content\/uploads\/2021\/04\/Nota2_Influencia_dos_alimentos_e_nutrientes_na_COVID19_novosite-300x132.jpg 300w, https:\/\/nutritotal.com.br\/pro\/wp-content\/uploads\/2021\/04\/Nota2_Influencia_dos_alimentos_e_nutrientes_na_COVID19_novosite-1024x449.jpg 1024w, https:\/\/nutritotal.com.br\/pro\/wp-content\/uploads\/2021\/04\/Nota2_Influencia_dos_alimentos_e_nutrientes_na_COVID19_novosite-768x337.jpg 768w\" sizes=\"(max-width: 1140px) 100vw, 1140px\" \/><\/p>\n<p>A COVID-19 \u00e9 uma pandemia global cuja s\u00edndrome se caracteriza por s\u00edndrome respirat\u00f3ria aguda grave e que j\u00e1 resultou em milh\u00f5es de casos e mortes pelo mundo desde o seu surgimento.<\/p>\n<p>O estudo investigou os efeitos dos alimentos e nutrientes como estrat\u00e9gias complementares na recupera\u00e7\u00e3o do COVID-19 em 170 pa\u00edses.<\/p>\n<p>Assim, foi realizado um estudo observacional com an\u00e1lise quantitativa com indiv\u00edduos de 170 pa\u00edses. Foi utilizada uma plataforma para registro de informa\u00e7\u00f5es como alimentos locais, perfil da popula\u00e7\u00e3o de cada pa\u00eds e propor\u00e7\u00e3o de indiv\u00edduos que se recuperaram do COVID-19 em cada pa\u00eds. Os dados tamb\u00e9m continham informa\u00e7\u00e3o sobre saneamento b\u00e1sico do pa\u00eds, preval\u00eancia de desnutri\u00e7\u00e3o, gastos per capita com sa\u00fade e preval\u00eancia de diabetes. Foi ent\u00e3o avaliada a taxa de recupera\u00e7\u00e3o do COVID-19 e sua rela\u00e7\u00e3o com a alimenta\u00e7\u00e3o local.<\/p>\n<p>Dos pa\u00edses que fizeram parte do estudo, 27% eram da \u00c1frica, 20,58% das Am\u00e9ricas, 22,35% da \u00c1sia, 24,7% da Europa e 5,3% da Oceania. As maiores taxas de recupera\u00e7\u00e3o foram observadas nos pa\u00edses que j\u00e1 erradicaram a fome e possu\u00edam a melhor taxa de saneamento b\u00e1sico, enquanto pa\u00edses com alta taxa global de fome e pior taxa de saneamento b\u00e1sico apresentaram as piores taxas de recupera\u00e7\u00e3o da doen\u00e7a. No entanto, nestes pa\u00edses tamb\u00e9m se observou a menor preval\u00eancia de diabetes e as menores taxas de fatalidade relacionadas com o COVID-19. Com rela\u00e7\u00e3o aos alimentos ingeridos, o consumo de fontes proteicas impactou positivamente na recupera\u00e7\u00e3o dos pacientes (p&lt;0,05), enquanto a ingest\u00e3o de bebida alco\u00f3lica teve um efeito negativo nos desfechos (p=0,009). Com rela\u00e7\u00e3o aos lip\u00eddeos, gorduras de fontes saud\u00e1veis tamb\u00e9m beneficiaram os pacientes, enquanto nenhum alimento do grupo de carboidratos mostrou qualquer impacto nos desfechos. De acordo com as an\u00e1lises, somente ovos, peixes e frutos do mar, frutas, carnes, leite, v\u00edsceras e produtos vegetais podem ter contribu\u00eddo para a recupera\u00e7\u00e3o do COVID-19. Diabetes foi negativamente associada com a recupera\u00e7\u00e3o dos pacientes em diversos pa\u00edses. Desnutri\u00e7\u00e3o n\u00e3o teve efeito sobre os desfechos, exceto nos pa\u00edses com altas taxas de fome. O maior gasto per capita com sa\u00fade teve impacto positivo nos desfechos (p&lt;0,05).<\/p>\n<p>Assim, os pesquisadores identificaram macronutrientes (prote\u00ednas e gorduras) e micronutrientes (sel\u00eanio e zinco) com efeito positivo significativo sobre as taxas de recupera\u00e7\u00e3o do COVID-19 em 170 pa\u00edses investigados. Os alimentos com esse efeito positivo foram ovos, peixes e frutos do mar, frutas, carnes, leite, v\u00edsceras, vegetais e castanhas. Alto consumo de \u00e1lcool apresentou um efeito negativo na recupera\u00e7\u00e3o da infec\u00e7\u00e3o por SARS Cov-2. Em pa\u00edses com extrema pobreza, os alimentos apresentaram pouco efeito na recupera\u00e7\u00e3o do COVID-19.<\/p>\n","protected":false},"excerpt":{"rendered":"<p>A COVID-19 \u00e9 uma pandemia global cuja s\u00edndrome se caracteriza por s\u00edndrome respirat\u00f3ria aguda grave e que j\u00e1 resultou em milh\u00f5es de casos e mortes pelo mundo desde o seu surgimento. O estudo investigou os efeitos dos alimentos e nutrientes como estrat\u00e9gias complementares na recupera\u00e7\u00e3o do COVID-19 em 170 pa\u00edses. Assim, foi realizado um estudo [&hellip;]<\/p>\n","protected":false},"author":112426,"featured_media":47625,"comment_status":"open","ping_status":"open","sticky":false,"template":"","format":"standard","meta":{"_acf_changed":false,"footnotes":""},"categories":[1],"tags":[1506,210,211,851],"divisao":[2185,2186,2192],"acf":[],"yoast_head":"<!-- This site is optimized with the Yoast SEO plugin v23.5 - https:\/\/yoast.com\/wordpress\/plugins\/seo\/ -->\n<title>Influ\u00eancia dos alimentos e nutrientes na recupera\u00e7\u00e3o da COVID-19 - Nutritotal PRO<\/title>\n<meta name=\"description\" content=\"A recupera\u00e7\u00e3o da COVID-19, caracteriza por s\u00edndrome respirat\u00f3ria aguda grave, pode sofrer influ\u00eancia dos nutrientes e alimentos.\" \/>\n<meta name=\"robots\" content=\"index, follow, max-snippet:-1, max-image-preview:large, max-video-preview:-1\" \/>\n<link rel=\"canonical\" href=\"https:\/\/nutritotal.com.br\/pro\/influencia-dos-alimentos-e-nutrientes-na-recuperacao-da-covid-19\/\" \/>\n<meta property=\"og:locale\" content=\"pt_BR\" \/>\n<meta property=\"og:type\" content=\"article\" \/>\n<meta property=\"og:title\" content=\"Influ\u00eancia dos alimentos e nutrientes na recupera\u00e7\u00e3o da COVID-19 - Nutritotal PRO\" \/>\n<meta property=\"og:description\" content=\"A recupera\u00e7\u00e3o da COVID-19, caracteriza por s\u00edndrome respirat\u00f3ria aguda grave, pode sofrer influ\u00eancia dos nutrientes e alimentos.\" \/>\n<meta property=\"og:url\" content=\"https:\/\/nutritotal.com.br\/pro\/influencia-dos-alimentos-e-nutrientes-na-recuperacao-da-covid-19\/\" \/>\n<meta property=\"og:site_name\" content=\"Nutritotal PRO\" \/>\n<meta property=\"article:publisher\" content=\"https:\/\/www.facebook.com\/nutritotalPRO\/\" \/>\n<meta property=\"article:author\" content=\"https:\/\/web.facebook.com\/nutritotalPRO\/?ref=pages_you_manage\" \/>\n<meta property=\"article:published_time\" content=\"2021-04-22T13:54:48+00:00\" \/>\n<meta property=\"og:image\" content=\"https:\/\/nutritotal.com.br\/pro\/wp-content\/uploads\/2021\/04\/Nota2_Influencia_dos_alimentos_e_nutrientes_na_COVID19_destacada.jpg\" \/>\n\t<meta property=\"og:image:width\" content=\"257\" \/>\n\t<meta property=\"og:image:height\" content=\"165\" \/>\n\t<meta property=\"og:image:type\" content=\"image\/jpeg\" \/>\n<meta name=\"author\" content=\"Reda\u00e7\u00e3o Nutritotal PRO\" \/>\n<meta name=\"twitter:card\" content=\"summary_large_image\" \/>\n<meta name=\"twitter:label1\" content=\"Escrito por\" \/>\n\t<meta name=\"twitter:data1\" content=\"Reda\u00e7\u00e3o Nutritotal PRO\" \/>\n\t<meta name=\"twitter:label2\" content=\"Est. tempo de leitura\" \/>\n\t<meta name=\"twitter:data2\" content=\"3 minutos\" \/>\n<script type=\"application\/ld+json\" class=\"yoast-schema-graph\">{\"@context\":\"https:\/\/schema.org\",\"@graph\":[{\"@type\":\"Article\",\"@id\":\"https:\/\/nutritotal.com.br\/pro\/influencia-dos-alimentos-e-nutrientes-na-recuperacao-da-covid-19\/#article\",\"isPartOf\":{\"@id\":\"https:\/\/nutritotal.com.br\/pro\/influencia-dos-alimentos-e-nutrientes-na-recuperacao-da-covid-19\/\"},\"author\":{\"name\":\"Reda\u00e7\u00e3o Nutritotal PRO\",\"@id\":\"https:\/\/nutritotal.com.br\/pro\/#\/schema\/person\/0eed39f3d4de651572ac994d90b2e959\"},\"headline\":\"Influ\u00eancia dos alimentos e nutrientes na recupera\u00e7\u00e3o da COVID-19\",\"datePublished\":\"2021-04-22T13:54:48+00:00\",\"dateModified\":\"2021-04-22T13:54:48+00:00\",\"mainEntityOfPage\":{\"@id\":\"https:\/\/nutritotal.com.br\/pro\/influencia-dos-alimentos-e-nutrientes-na-recuperacao-da-covid-19\/\"},\"wordCount\":491,\"commentCount\":0,\"publisher\":{\"@id\":\"https:\/\/nutritotal.com.br\/pro\/#organization\"},\"image\":{\"@id\":\"https:\/\/nutritotal.com.br\/pro\/influencia-dos-alimentos-e-nutrientes-na-recuperacao-da-covid-19\/#primaryimage\"},\"thumbnailUrl\":\"https:\/\/nutritotal.com.br\/pro\/wp-content\/uploads\/2021\/04\/Nota2_Influencia_dos_alimentos_e_nutrientes_na_COVID19_destacada.jpg\",\"keywords\":[\"COVID-19\",\"desnutri\u00e7\u00e3o\",\"diabetes\",\"nutrientes\"],\"inLanguage\":\"pt-BR\",\"potentialAction\":[{\"@type\":\"CommentAction\",\"name\":\"Comment\",\"target\":[\"https:\/\/nutritotal.com.br\/pro\/influencia-dos-alimentos-e-nutrientes-na-recuperacao-da-covid-19\/#respond\"]}]},{\"@type\":\"WebPage\",\"@id\":\"https:\/\/nutritotal.com.br\/pro\/influencia-dos-alimentos-e-nutrientes-na-recuperacao-da-covid-19\/\",\"url\":\"https:\/\/nutritotal.com.br\/pro\/influencia-dos-alimentos-e-nutrientes-na-recuperacao-da-covid-19\/\",\"name\":\"Influ\u00eancia dos alimentos e nutrientes na recupera\u00e7\u00e3o da COVID-19 - Nutritotal PRO\",\"isPartOf\":{\"@id\":\"https:\/\/nutritotal.com.br\/pro\/#website\"},\"primaryImageOfPage\":{\"@id\":\"https:\/\/nutritotal.com.br\/pro\/influencia-dos-alimentos-e-nutrientes-na-recuperacao-da-covid-19\/#primaryimage\"},\"image\":{\"@id\":\"https:\/\/nutritotal.com.br\/pro\/influencia-dos-alimentos-e-nutrientes-na-recuperacao-da-covid-19\/#primaryimage\"},\"thumbnailUrl\":\"https:\/\/nutritotal.com.br\/pro\/wp-content\/uploads\/2021\/04\/Nota2_Influencia_dos_alimentos_e_nutrientes_na_COVID19_destacada.jpg\",\"datePublished\":\"2021-04-22T13:54:48+00:00\",\"dateModified\":\"2021-04-22T13:54:48+00:00\",\"description\":\"A recupera\u00e7\u00e3o da COVID-19, caracteriza por s\u00edndrome respirat\u00f3ria aguda grave, pode sofrer influ\u00eancia dos nutrientes e alimentos.\",\"breadcrumb\":{\"@id\":\"https:\/\/nutritotal.com.br\/pro\/influencia-dos-alimentos-e-nutrientes-na-recuperacao-da-covid-19\/#breadcrumb\"},\"inLanguage\":\"pt-BR\",\"potentialAction\":[{\"@type\":\"ReadAction\",\"target\":[\"https:\/\/nutritotal.com.br\/pro\/influencia-dos-alimentos-e-nutrientes-na-recuperacao-da-covid-19\/\"]}]},{\"@type\":\"ImageObject\",\"inLanguage\":\"pt-BR\",\"@id\":\"https:\/\/nutritotal.com.br\/pro\/influencia-dos-alimentos-e-nutrientes-na-recuperacao-da-covid-19\/#primaryimage\",\"url\":\"https:\/\/nutritotal.com.br\/pro\/wp-content\/uploads\/2021\/04\/Nota2_Influencia_dos_alimentos_e_nutrientes_na_COVID19_destacada.jpg\",\"contentUrl\":\"https:\/\/nutritotal.com.br\/pro\/wp-content\/uploads\/2021\/04\/Nota2_Influencia_dos_alimentos_e_nutrientes_na_COVID19_destacada.jpg\",\"width\":257,\"height\":165},{\"@type\":\"BreadcrumbList\",\"@id\":\"https:\/\/nutritotal.com.br\/pro\/influencia-dos-alimentos-e-nutrientes-na-recuperacao-da-covid-19\/#breadcrumb\",\"itemListElement\":[{\"@type\":\"ListItem\",\"position\":1,\"name\":\"Home\",\"item\":\"https:\/\/nutritotal.com.br\/pro\/\"},{\"@type\":\"ListItem\",\"position\":2,\"name\":\"Influ\u00eancia dos alimentos e nutrientes na recupera\u00e7\u00e3o da COVID-19\"}]},{\"@type\":\"WebSite\",\"@id\":\"https:\/\/nutritotal.com.br\/pro\/#website\",\"url\":\"https:\/\/nutritotal.com.br\/pro\/\",\"name\":\"Nutritotal PRO\",\"description\":\"\",\"publisher\":{\"@id\":\"https:\/\/nutritotal.com.br\/pro\/#organization\"},\"potentialAction\":[{\"@type\":\"SearchAction\",\"target\":{\"@type\":\"EntryPoint\",\"urlTemplate\":\"https:\/\/nutritotal.com.br\/pro\/?s={search_term_string}\"},\"query-input\":{\"@type\":\"PropertyValueSpecification\",\"valueRequired\":true,\"valueName\":\"search_term_string\"}}],\"inLanguage\":\"pt-BR\"},{\"@type\":\"Organization\",\"@id\":\"https:\/\/nutritotal.com.br\/pro\/#organization\",\"name\":\"Nutri Total\",\"url\":\"https:\/\/nutritotal.com.br\/pro\/\",\"logo\":{\"@type\":\"ImageObject\",\"inLanguage\":\"pt-BR\",\"@id\":\"https:\/\/nutritotal.com.br\/pro\/#\/schema\/logo\/image\/\",\"url\":\"https:\/\/nutritotal.com.br\/pro\/wp-content\/uploads\/2022\/12\/Nutritotal-Pro-Vertical-02.png\",\"contentUrl\":\"https:\/\/nutritotal.com.br\/pro\/wp-content\/uploads\/2022\/12\/Nutritotal-Pro-Vertical-02.png\",\"width\":426,\"height\":426,\"caption\":\"Nutri Total\"},\"image\":{\"@id\":\"https:\/\/nutritotal.com.br\/pro\/#\/schema\/logo\/image\/\"},\"sameAs\":[\"https:\/\/www.facebook.com\/nutritotalPRO\/\",\"https:\/\/www.instagram.com\/nutritotalpro\/\",\"https:\/\/www.youtube.com\/channel\/UCf01IyXkHLYUDGG0-XHR-YA\"]},{\"@type\":\"Person\",\"@id\":\"https:\/\/nutritotal.com.br\/pro\/#\/schema\/person\/0eed39f3d4de651572ac994d90b2e959\",\"name\":\"Reda\u00e7\u00e3o Nutritotal PRO\",\"image\":{\"@type\":\"ImageObject\",\"inLanguage\":\"pt-BR\",\"@id\":\"https:\/\/nutritotal.com.br\/pro\/#\/schema\/person\/image\/\",\"url\":\"https:\/\/secure.gravatar.com\/avatar\/32c3237a991b6c36cac6846ff4b26eff?s=96&d=mm&r=g\",\"contentUrl\":\"https:\/\/secure.gravatar.com\/avatar\/32c3237a991b6c36cac6846ff4b26eff?s=96&d=mm&r=g\",\"caption\":\"Reda\u00e7\u00e3o Nutritotal PRO\"},\"description\":\"A Reda\u00e7\u00e3o Nutritotal \u00e9 formada por nutricionistas, m\u00e9dicos e estudantes de nutri\u00e7\u00e3o que t\u00eam a preocupa\u00e7\u00e3o de produzir conte\u00fados atuais, baseados em evid\u00eancia cient\u00edficas, sempre com o objetivo de facilitar a pr\u00e1tica cl\u00ednica de profissionais da \u00e1rea da sa\u00fade.\",\"sameAs\":[\"https:\/\/web.facebook.com\/nutritotalPRO\/?ref=pages_you_manage\",\"https:\/\/instagram.com\/nutritotalpro?utm_medium=copy_link\"],\"url\":\"https:\/\/nutritotal.com.br\/pro\/author\/debora\/\"}]}<\/script>\n<!-- \/ Yoast SEO plugin. -->","yoast_head_json":{"title":"Influ\u00eancia dos alimentos e nutrientes na recupera\u00e7\u00e3o da COVID-19 - Nutritotal PRO","description":"A recupera\u00e7\u00e3o da COVID-19, caracteriza por s\u00edndrome respirat\u00f3ria aguda grave, pode sofrer influ\u00eancia dos nutrientes e alimentos.","robots":{"index":"index","follow":"follow","max-snippet":"max-snippet:-1","max-image-preview":"max-image-preview:large","max-video-preview":"max-video-preview:-1"},"canonical":"https:\/\/nutritotal.com.br\/pro\/influencia-dos-alimentos-e-nutrientes-na-recuperacao-da-covid-19\/","og_locale":"pt_BR","og_type":"article","og_title":"Influ\u00eancia dos alimentos e nutrientes na recupera\u00e7\u00e3o da COVID-19 - Nutritotal PRO","og_description":"A recupera\u00e7\u00e3o da COVID-19, caracteriza por s\u00edndrome respirat\u00f3ria aguda grave, pode sofrer influ\u00eancia dos nutrientes e alimentos.","og_url":"https:\/\/nutritotal.com.br\/pro\/influencia-dos-alimentos-e-nutrientes-na-recuperacao-da-covid-19\/","og_site_name":"Nutritotal PRO","article_publisher":"https:\/\/www.facebook.com\/nutritotalPRO\/","article_author":"https:\/\/web.facebook.com\/nutritotalPRO\/?ref=pages_you_manage","article_published_time":"2021-04-22T13:54:48+00:00","og_image":[{"width":257,"height":165,"url":"https:\/\/nutritotal.com.br\/pro\/wp-content\/uploads\/2021\/04\/Nota2_Influencia_dos_alimentos_e_nutrientes_na_COVID19_destacada.jpg","type":"image\/jpeg"}],"author":"Reda\u00e7\u00e3o Nutritotal PRO","twitter_card":"summary_large_image","twitter_misc":{"Escrito por":"Reda\u00e7\u00e3o Nutritotal PRO","Est. tempo de leitura":"3 minutos"},"schema":{"@context":"https:\/\/schema.org","@graph":[{"@type":"Article","@id":"https:\/\/nutritotal.com.br\/pro\/influencia-dos-alimentos-e-nutrientes-na-recuperacao-da-covid-19\/#article","isPartOf":{"@id":"https:\/\/nutritotal.com.br\/pro\/influencia-dos-alimentos-e-nutrientes-na-recuperacao-da-covid-19\/"},"author":{"name":"Reda\u00e7\u00e3o Nutritotal PRO","@id":"https:\/\/nutritotal.com.br\/pro\/#\/schema\/person\/0eed39f3d4de651572ac994d90b2e959"},"headline":"Influ\u00eancia dos alimentos e nutrientes na recupera\u00e7\u00e3o da COVID-19","datePublished":"2021-04-22T13:54:48+00:00","dateModified":"2021-04-22T13:54:48+00:00","mainEntityOfPage":{"@id":"https:\/\/nutritotal.com.br\/pro\/influencia-dos-alimentos-e-nutrientes-na-recuperacao-da-covid-19\/"},"wordCount":491,"commentCount":0,"publisher":{"@id":"https:\/\/nutritotal.com.br\/pro\/#organization"},"image":{"@id":"https:\/\/nutritotal.com.br\/pro\/influencia-dos-alimentos-e-nutrientes-na-recuperacao-da-covid-19\/#primaryimage"},"thumbnailUrl":"https:\/\/nutritotal.com.br\/pro\/wp-content\/uploads\/2021\/04\/Nota2_Influencia_dos_alimentos_e_nutrientes_na_COVID19_destacada.jpg","keywords":["COVID-19","desnutri\u00e7\u00e3o","diabetes","nutrientes"],"inLanguage":"pt-BR","potentialAction":[{"@type":"CommentAction","name":"Comment","target":["https:\/\/nutritotal.com.br\/pro\/influencia-dos-alimentos-e-nutrientes-na-recuperacao-da-covid-19\/#respond"]}]},{"@type":"WebPage","@id":"https:\/\/nutritotal.com.br\/pro\/influencia-dos-alimentos-e-nutrientes-na-recuperacao-da-covid-19\/","url":"https:\/\/nutritotal.com.br\/pro\/influencia-dos-alimentos-e-nutrientes-na-recuperacao-da-covid-19\/","name":"Influ\u00eancia dos alimentos e nutrientes na recupera\u00e7\u00e3o da COVID-19 - Nutritotal PRO","isPartOf":{"@id":"https:\/\/nutritotal.com.br\/pro\/#website"},"primaryImageOfPage":{"@id":"https:\/\/nutritotal.com.br\/pro\/influencia-dos-alimentos-e-nutrientes-na-recuperacao-da-covid-19\/#primaryimage"},"image":{"@id":"https:\/\/nutritotal.com.br\/pro\/influencia-dos-alimentos-e-nutrientes-na-recuperacao-da-covid-19\/#primaryimage"},"thumbnailUrl":"https:\/\/nutritotal.com.br\/pro\/wp-content\/uploads\/2021\/04\/Nota2_Influencia_dos_alimentos_e_nutrientes_na_COVID19_destacada.jpg","datePublished":"2021-04-22T13:54:48+00:00","dateModified":"2021-04-22T13:54:48+00:00","description":"A recupera\u00e7\u00e3o da COVID-19, caracteriza por s\u00edndrome respirat\u00f3ria aguda grave, pode sofrer influ\u00eancia dos nutrientes e alimentos.","breadcrumb":{"@id":"https:\/\/nutritotal.com.br\/pro\/influencia-dos-alimentos-e-nutrientes-na-recuperacao-da-covid-19\/#breadcrumb"},"inLanguage":"pt-BR","potentialAction":[{"@type":"ReadAction","target":["https:\/\/nutritotal.com.br\/pro\/influencia-dos-alimentos-e-nutrientes-na-recuperacao-da-covid-19\/"]}]},{"@type":"ImageObject","inLanguage":"pt-BR","@id":"https:\/\/nutritotal.com.br\/pro\/influencia-dos-alimentos-e-nutrientes-na-recuperacao-da-covid-19\/#primaryimage","url":"https:\/\/nutritotal.com.br\/pro\/wp-content\/uploads\/2021\/04\/Nota2_Influencia_dos_alimentos_e_nutrientes_na_COVID19_destacada.jpg","contentUrl":"https:\/\/nutritotal.com.br\/pro\/wp-content\/uploads\/2021\/04\/Nota2_Influencia_dos_alimentos_e_nutrientes_na_COVID19_destacada.jpg","width":257,"height":165},{"@type":"BreadcrumbList","@id":"https:\/\/nutritotal.com.br\/pro\/influencia-dos-alimentos-e-nutrientes-na-recuperacao-da-covid-19\/#breadcrumb","itemListElement":[{"@type":"ListItem","position":1,"name":"Home","item":"https:\/\/nutritotal.com.br\/pro\/"},{"@type":"ListItem","position":2,"name":"Influ\u00eancia dos alimentos e nutrientes na recupera\u00e7\u00e3o da COVID-19"}]},{"@type":"WebSite","@id":"https:\/\/nutritotal.com.br\/pro\/#website","url":"https:\/\/nutritotal.com.br\/pro\/","name":"Nutritotal PRO","description":"","publisher":{"@id":"https:\/\/nutritotal.com.br\/pro\/#organization"},"potentialAction":[{"@type":"SearchAction","target":{"@type":"EntryPoint","urlTemplate":"https:\/\/nutritotal.com.br\/pro\/?s={search_term_string}"},"query-input":{"@type":"PropertyValueSpecification","valueRequired":true,"valueName":"search_term_string"}}],"inLanguage":"pt-BR"},{"@type":"Organization","@id":"https:\/\/nutritotal.com.br\/pro\/#organization","name":"Nutri Total","url":"https:\/\/nutritotal.com.br\/pro\/","logo":{"@type":"ImageObject","inLanguage":"pt-BR","@id":"https:\/\/nutritotal.com.br\/pro\/#\/schema\/logo\/image\/","url":"https:\/\/nutritotal.com.br\/pro\/wp-content\/uploads\/2022\/12\/Nutritotal-Pro-Vertical-02.png","contentUrl":"https:\/\/nutritotal.com.br\/pro\/wp-content\/uploads\/2022\/12\/Nutritotal-Pro-Vertical-02.png","width":426,"height":426,"caption":"Nutri Total"},"image":{"@id":"https:\/\/nutritotal.com.br\/pro\/#\/schema\/logo\/image\/"},"sameAs":["https:\/\/www.facebook.com\/nutritotalPRO\/","https:\/\/www.instagram.com\/nutritotalpro\/","https:\/\/www.youtube.com\/channel\/UCf01IyXkHLYUDGG0-XHR-YA"]},{"@type":"Person","@id":"https:\/\/nutritotal.com.br\/pro\/#\/schema\/person\/0eed39f3d4de651572ac994d90b2e959","name":"Reda\u00e7\u00e3o Nutritotal PRO","image":{"@type":"ImageObject","inLanguage":"pt-BR","@id":"https:\/\/nutritotal.com.br\/pro\/#\/schema\/person\/image\/","url":"https:\/\/secure.gravatar.com\/avatar\/32c3237a991b6c36cac6846ff4b26eff?s=96&d=mm&r=g","contentUrl":"https:\/\/secure.gravatar.com\/avatar\/32c3237a991b6c36cac6846ff4b26eff?s=96&d=mm&r=g","caption":"Reda\u00e7\u00e3o Nutritotal PRO"},"description":"A Reda\u00e7\u00e3o Nutritotal \u00e9 formada por nutricionistas, m\u00e9dicos e estudantes de nutri\u00e7\u00e3o que t\u00eam a preocupa\u00e7\u00e3o de produzir conte\u00fados atuais, baseados em evid\u00eancia cient\u00edficas, sempre com o objetivo de facilitar a pr\u00e1tica cl\u00ednica de profissionais da \u00e1rea da sa\u00fade.","sameAs":["https:\/\/web.facebook.com\/nutritotalPRO\/?ref=pages_you_manage","https:\/\/instagram.com\/nutritotalpro?utm_medium=copy_link"],"url":"https:\/\/nutritotal.com.br\/pro\/author\/debora\/"}]}},"views":4420,"amp_enabled":true,"_links":{"self":[{"href":"https:\/\/nutritotal.com.br\/pro\/wp-json\/wp\/v2\/posts\/47622"}],"collection":[{"href":"https:\/\/nutritotal.com.br\/pro\/wp-json\/wp\/v2\/posts"}],"about":[{"href":"https:\/\/nutritotal.com.br\/pro\/wp-json\/wp\/v2\/types\/post"}],"author":[{"embeddable":true,"href":"https:\/\/nutritotal.com.br\/pro\/wp-json\/wp\/v2\/users\/112426"}],"replies":[{"embeddable":true,"href":"https:\/\/nutritotal.com.br\/pro\/wp-json\/wp\/v2\/comments?post=47622"}],"version-history":[{"count":0,"href":"https:\/\/nutritotal.com.br\/pro\/wp-json\/wp\/v2\/posts\/47622\/revisions"}],"wp:featuredmedia":[{"embeddable":true,"href":"https:\/\/nutritotal.com.br\/pro\/wp-json\/wp\/v2\/media\/47625"}],"wp:attachment":[{"href":"https:\/\/nutritotal.com.br\/pro\/wp-json\/wp\/v2\/media?parent=47622"}],"wp:term":[{"taxonomy":"category","embeddable":true,"href":"https:\/\/nutritotal.com.br\/pro\/wp-json\/wp\/v2\/categories?post=47622"},{"taxonomy":"post_tag","embeddable":true,"href":"https:\/\/nutritotal.com.br\/pro\/wp-json\/wp\/v2\/tags?post=47622"},{"taxonomy":"divisao","embeddable":true,"href":"https:\/\/nutritotal.com.br\/pro\/wp-json\/wp\/v2\/divisao?post=47622"}],"curies":[{"name":"wp","href":"https:\/\/api.w.org\/{rel}","templated":true}]}}