
{"id":5069,"date":"2018-09-03T16:45:00","date_gmt":"2018-09-03T16:45:00","guid":{"rendered":"https:\/\/nutritotal.com.br\/pro?p=5069"},"modified":"2021-04-23T17:48:17","modified_gmt":"2021-04-23T20:48:17","slug":"atividade-fa-sica-melhora-compulsa-o-alimentar","status":"publish","type":"post","link":"https:\/\/nutritotal.com.br\/pro\/atividade-fa-sica-melhora-compulsa-o-alimentar\/","title":{"rendered":"Atividade F\u00edsica melhora Compuls\u00e3o Alimentar"},"content":{"rendered":"<p><span><img loading=\"lazy\" decoding=\"async\" class=\"img-responsive\" style=\"float: left;margin: 0 .5em 0 0\" role=\"presentation\" src=\"https:\/\/nutritotal.com.br\/pro\/wp-content\/uploads\/2018\/09\/excise_strong.jpg\" alt=\"\" width=\"300\" height=\"240\" \/>Blanchet e colaboradores conduziram revis\u00e3o sistem\u00e1tica sobre o benef\u00edcioda pr\u00e1tica de atividade f\u00edsica (AF) em indiv\u00edduos adultos com transtorno dacompuls\u00e3o alimentar peri\u00f3dica (TCAP). Os resultados avaliaram os sintomas do TCAP,n\u00edveis de AF, e medidas antropom\u00e9tricas. <\/span><\/p>\n<p>Foram selecionados oito estudos,sendo cinco de interven\u00e7\u00e3o e tr\u00eas observacionais. A maioria foi realizado commulheres (n=705 e 137 homens) e teve dura\u00e7\u00e3o entre \u00a012 semanas e 16 meses. A idade dosparticipantes foi de 36 a 51 anos e a m\u00e9dia do IMC foi de 34kg\/m<sup>2<\/sup>. Afrequ\u00eancia de compuls\u00f5es foi em m\u00e9dia cinco dias na semana, e a maioria dospacientes n\u00e3o praticavam AF.<\/p>\n<p>Nos estudos experimentais, aaus\u00eancia de compuls\u00e3o alimentar esteve relacionada ao aumento da pr\u00e1tica de AF,redu\u00e7\u00e3o do IMC, e melhora dos sintomas depressivos. A inclus\u00e3o da AF notratamento foi associada \u00e0 redu\u00e7\u00e3o dos sintomas depressivos e redu\u00e7\u00e3o do n\u00famerode epis\u00f3dios de <span>compuls\u00e3o alimentar<\/span>.Dois dos estudos analisados encontraram efeito significante da AF na redu\u00e7\u00e3o depeso e IMC dos participantes.<\/p>\n<p>Em conclus\u00e3o, esta revis\u00e3oevidenciou os efeitos positivos da AF no tratamento de indiv\u00edduos com <span>TCAP<\/span> em diversos aspectos. Talsitua\u00e7\u00e3o pode ser decorrente de altera\u00e7\u00f5es neuroqu\u00edmicas, bem como do efeitoanorex\u00edgeno da AF.<\/p>\n<p>&nbsp;<\/p>\n","protected":false},"excerpt":{"rendered":"<p>Blanchet e colaboradores conduziram revis\u00e3o sistem\u00e1tica sobre o benef\u00edcioda pr\u00e1tica de atividade f\u00edsica (AF) em indiv\u00edduos adultos com transtorno dacompuls\u00e3o alimentar peri\u00f3dica (TCAP). Os resultados avaliaram os sintomas do TCAP,n\u00edveis de AF, e medidas antropom\u00e9tricas. Foram selecionados oito estudos,sendo cinco de interven\u00e7\u00e3o e tr\u00eas observacionais. A maioria foi realizado commulheres (n=705 e 137 homens) e [&hellip;]<\/p>\n","protected":false},"author":44,"featured_media":5068,"comment_status":"open","ping_status":"open","sticky":false,"template":"","format":"standard","meta":{"_acf_changed":false,"footnotes":""},"categories":[1],"tags":[],"divisao":[2186,2187],"acf":[],"yoast_head":"<!-- This site is optimized with the Yoast SEO plugin v23.5 - https:\/\/yoast.com\/wordpress\/plugins\/seo\/ -->\n<title>Atividade F\u00edsica melhora Compuls\u00e3o Alimentar - Nutritotal PRO<\/title>\n<meta name=\"robots\" content=\"index, follow, max-snippet:-1, max-image-preview:large, max-video-preview:-1\" \/>\n<link rel=\"canonical\" href=\"https:\/\/nutritotal.com.br\/pro\/atividade-fa-sica-melhora-compulsa-o-alimentar\/\" \/>\n<meta property=\"og:locale\" content=\"pt_BR\" \/>\n<meta property=\"og:type\" content=\"article\" \/>\n<meta property=\"og:title\" content=\"Atividade F\u00edsica melhora Compuls\u00e3o Alimentar - Nutritotal PRO\" \/>\n<meta property=\"og:description\" content=\"Blanchet e colaboradores conduziram revis\u00e3o sistem\u00e1tica sobre o benef\u00edcioda pr\u00e1tica de atividade f\u00edsica (AF) em indiv\u00edduos adultos com transtorno dacompuls\u00e3o alimentar peri\u00f3dica (TCAP). Os resultados avaliaram os sintomas do TCAP,n\u00edveis de AF, e medidas antropom\u00e9tricas. Foram selecionados oito estudos,sendo cinco de interven\u00e7\u00e3o e tr\u00eas observacionais. A maioria foi realizado commulheres (n=705 e 137 homens) e [&hellip;]\" \/>\n<meta property=\"og:url\" content=\"https:\/\/nutritotal.com.br\/pro\/atividade-fa-sica-melhora-compulsa-o-alimentar\/\" \/>\n<meta property=\"og:site_name\" content=\"Nutritotal PRO\" \/>\n<meta property=\"article:publisher\" content=\"https:\/\/www.facebook.com\/nutritotalPRO\/\" \/>\n<meta property=\"article:published_time\" content=\"2018-09-03T16:45:00+00:00\" \/>\n<meta property=\"article:modified_time\" content=\"2021-04-23T20:48:17+00:00\" \/>\n<meta property=\"og:image\" content=\"https:\/\/nutritotal.com.br\/pro\/wp-content\/uploads\/2018\/09\/excise_strong.jpg\" \/>\n\t<meta property=\"og:image:width\" content=\"300\" \/>\n\t<meta property=\"og:image:height\" content=\"240\" \/>\n\t<meta property=\"og:image:type\" content=\"image\/jpeg\" \/>\n<meta name=\"author\" content=\"noticiasimportacao\" \/>\n<meta name=\"twitter:card\" content=\"summary_large_image\" \/>\n<meta name=\"twitter:label1\" content=\"Escrito por\" \/>\n\t<meta name=\"twitter:data1\" content=\"noticiasimportacao\" \/>\n\t<meta name=\"twitter:label2\" content=\"Est. tempo de leitura\" \/>\n\t<meta name=\"twitter:data2\" content=\"1 minuto\" \/>\n<script type=\"application\/ld+json\" class=\"yoast-schema-graph\">{\"@context\":\"https:\/\/schema.org\",\"@graph\":[{\"@type\":\"Article\",\"@id\":\"https:\/\/nutritotal.com.br\/pro\/atividade-fa-sica-melhora-compulsa-o-alimentar\/#article\",\"isPartOf\":{\"@id\":\"https:\/\/nutritotal.com.br\/pro\/atividade-fa-sica-melhora-compulsa-o-alimentar\/\"},\"author\":{\"name\":\"noticiasimportacao\",\"@id\":\"https:\/\/nutritotal.com.br\/pro\/#\/schema\/person\/570c1bd5e5a9e227971f2bc681cda85e\"},\"headline\":\"Atividade F\u00edsica melhora Compuls\u00e3o Alimentar\",\"datePublished\":\"2018-09-03T16:45:00+00:00\",\"dateModified\":\"2021-04-23T20:48:17+00:00\",\"mainEntityOfPage\":{\"@id\":\"https:\/\/nutritotal.com.br\/pro\/atividade-fa-sica-melhora-compulsa-o-alimentar\/\"},\"wordCount\":228,\"commentCount\":0,\"publisher\":{\"@id\":\"https:\/\/nutritotal.com.br\/pro\/#organization\"},\"image\":{\"@id\":\"https:\/\/nutritotal.com.br\/pro\/atividade-fa-sica-melhora-compulsa-o-alimentar\/#primaryimage\"},\"thumbnailUrl\":\"https:\/\/nutritotal.com.br\/pro\/wp-content\/uploads\/2018\/09\/excise_strong.jpg\",\"inLanguage\":\"pt-BR\",\"potentialAction\":[{\"@type\":\"CommentAction\",\"name\":\"Comment\",\"target\":[\"https:\/\/nutritotal.com.br\/pro\/atividade-fa-sica-melhora-compulsa-o-alimentar\/#respond\"]}]},{\"@type\":\"WebPage\",\"@id\":\"https:\/\/nutritotal.com.br\/pro\/atividade-fa-sica-melhora-compulsa-o-alimentar\/\",\"url\":\"https:\/\/nutritotal.com.br\/pro\/atividade-fa-sica-melhora-compulsa-o-alimentar\/\",\"name\":\"Atividade F\u00edsica melhora Compuls\u00e3o Alimentar - Nutritotal PRO\",\"isPartOf\":{\"@id\":\"https:\/\/nutritotal.com.br\/pro\/#website\"},\"primaryImageOfPage\":{\"@id\":\"https:\/\/nutritotal.com.br\/pro\/atividade-fa-sica-melhora-compulsa-o-alimentar\/#primaryimage\"},\"image\":{\"@id\":\"https:\/\/nutritotal.com.br\/pro\/atividade-fa-sica-melhora-compulsa-o-alimentar\/#primaryimage\"},\"thumbnailUrl\":\"https:\/\/nutritotal.com.br\/pro\/wp-content\/uploads\/2018\/09\/excise_strong.jpg\",\"datePublished\":\"2018-09-03T16:45:00+00:00\",\"dateModified\":\"2021-04-23T20:48:17+00:00\",\"breadcrumb\":{\"@id\":\"https:\/\/nutritotal.com.br\/pro\/atividade-fa-sica-melhora-compulsa-o-alimentar\/#breadcrumb\"},\"inLanguage\":\"pt-BR\",\"potentialAction\":[{\"@type\":\"ReadAction\",\"target\":[\"https:\/\/nutritotal.com.br\/pro\/atividade-fa-sica-melhora-compulsa-o-alimentar\/\"]}]},{\"@type\":\"ImageObject\",\"inLanguage\":\"pt-BR\",\"@id\":\"https:\/\/nutritotal.com.br\/pro\/atividade-fa-sica-melhora-compulsa-o-alimentar\/#primaryimage\",\"url\":\"https:\/\/nutritotal.com.br\/pro\/wp-content\/uploads\/2018\/09\/excise_strong.jpg\",\"contentUrl\":\"https:\/\/nutritotal.com.br\/pro\/wp-content\/uploads\/2018\/09\/excise_strong.jpg\",\"width\":300,\"height\":240},{\"@type\":\"BreadcrumbList\",\"@id\":\"https:\/\/nutritotal.com.br\/pro\/atividade-fa-sica-melhora-compulsa-o-alimentar\/#breadcrumb\",\"itemListElement\":[{\"@type\":\"ListItem\",\"position\":1,\"name\":\"Home\",\"item\":\"https:\/\/nutritotal.com.br\/pro\/\"},{\"@type\":\"ListItem\",\"position\":2,\"name\":\"Atividade F\u00edsica melhora Compuls\u00e3o Alimentar\"}]},{\"@type\":\"WebSite\",\"@id\":\"https:\/\/nutritotal.com.br\/pro\/#website\",\"url\":\"https:\/\/nutritotal.com.br\/pro\/\",\"name\":\"Nutritotal PRO\",\"description\":\"\",\"publisher\":{\"@id\":\"https:\/\/nutritotal.com.br\/pro\/#organization\"},\"potentialAction\":[{\"@type\":\"SearchAction\",\"target\":{\"@type\":\"EntryPoint\",\"urlTemplate\":\"https:\/\/nutritotal.com.br\/pro\/?s={search_term_string}\"},\"query-input\":{\"@type\":\"PropertyValueSpecification\",\"valueRequired\":true,\"valueName\":\"search_term_string\"}}],\"inLanguage\":\"pt-BR\"},{\"@type\":\"Organization\",\"@id\":\"https:\/\/nutritotal.com.br\/pro\/#organization\",\"name\":\"Nutri Total\",\"url\":\"https:\/\/nutritotal.com.br\/pro\/\",\"logo\":{\"@type\":\"ImageObject\",\"inLanguage\":\"pt-BR\",\"@id\":\"https:\/\/nutritotal.com.br\/pro\/#\/schema\/logo\/image\/\",\"url\":\"https:\/\/nutritotal.com.br\/pro\/wp-content\/uploads\/2022\/12\/Nutritotal-Pro-Vertical-02.png\",\"contentUrl\":\"https:\/\/nutritotal.com.br\/pro\/wp-content\/uploads\/2022\/12\/Nutritotal-Pro-Vertical-02.png\",\"width\":426,\"height\":426,\"caption\":\"Nutri Total\"},\"image\":{\"@id\":\"https:\/\/nutritotal.com.br\/pro\/#\/schema\/logo\/image\/\"},\"sameAs\":[\"https:\/\/www.facebook.com\/nutritotalPRO\/\",\"https:\/\/www.instagram.com\/nutritotalpro\/\",\"https:\/\/www.youtube.com\/channel\/UCf01IyXkHLYUDGG0-XHR-YA\"]},{\"@type\":\"Person\",\"@id\":\"https:\/\/nutritotal.com.br\/pro\/#\/schema\/person\/570c1bd5e5a9e227971f2bc681cda85e\",\"name\":\"noticiasimportacao\",\"image\":{\"@type\":\"ImageObject\",\"inLanguage\":\"pt-BR\",\"@id\":\"https:\/\/nutritotal.com.br\/pro\/#\/schema\/person\/image\/\",\"url\":\"https:\/\/secure.gravatar.com\/avatar\/0406650f831be9c74ae59891e45b9ea4?s=96&d=mm&r=g\",\"contentUrl\":\"https:\/\/secure.gravatar.com\/avatar\/0406650f831be9c74ae59891e45b9ea4?s=96&d=mm&r=g\",\"caption\":\"noticiasimportacao\"},\"url\":\"https:\/\/nutritotal.com.br\/pro\/author\/noticiasimportacao\/\"}]}<\/script>\n<!-- \/ Yoast SEO plugin. -->","yoast_head_json":{"title":"Atividade F\u00edsica melhora Compuls\u00e3o Alimentar - Nutritotal PRO","robots":{"index":"index","follow":"follow","max-snippet":"max-snippet:-1","max-image-preview":"max-image-preview:large","max-video-preview":"max-video-preview:-1"},"canonical":"https:\/\/nutritotal.com.br\/pro\/atividade-fa-sica-melhora-compulsa-o-alimentar\/","og_locale":"pt_BR","og_type":"article","og_title":"Atividade F\u00edsica melhora Compuls\u00e3o Alimentar - Nutritotal PRO","og_description":"Blanchet e colaboradores conduziram revis\u00e3o sistem\u00e1tica sobre o benef\u00edcioda pr\u00e1tica de atividade f\u00edsica (AF) em indiv\u00edduos adultos com transtorno dacompuls\u00e3o alimentar peri\u00f3dica (TCAP). Os resultados avaliaram os sintomas do TCAP,n\u00edveis de AF, e medidas antropom\u00e9tricas. Foram selecionados oito estudos,sendo cinco de interven\u00e7\u00e3o e tr\u00eas observacionais. A maioria foi realizado commulheres (n=705 e 137 homens) e [&hellip;]","og_url":"https:\/\/nutritotal.com.br\/pro\/atividade-fa-sica-melhora-compulsa-o-alimentar\/","og_site_name":"Nutritotal PRO","article_publisher":"https:\/\/www.facebook.com\/nutritotalPRO\/","article_published_time":"2018-09-03T16:45:00+00:00","article_modified_time":"2021-04-23T20:48:17+00:00","og_image":[{"width":300,"height":240,"url":"https:\/\/nutritotal.com.br\/pro\/wp-content\/uploads\/2018\/09\/excise_strong.jpg","type":"image\/jpeg"}],"author":"noticiasimportacao","twitter_card":"summary_large_image","twitter_misc":{"Escrito por":"noticiasimportacao","Est. tempo de leitura":"1 minuto"},"schema":{"@context":"https:\/\/schema.org","@graph":[{"@type":"Article","@id":"https:\/\/nutritotal.com.br\/pro\/atividade-fa-sica-melhora-compulsa-o-alimentar\/#article","isPartOf":{"@id":"https:\/\/nutritotal.com.br\/pro\/atividade-fa-sica-melhora-compulsa-o-alimentar\/"},"author":{"name":"noticiasimportacao","@id":"https:\/\/nutritotal.com.br\/pro\/#\/schema\/person\/570c1bd5e5a9e227971f2bc681cda85e"},"headline":"Atividade F\u00edsica melhora Compuls\u00e3o Alimentar","datePublished":"2018-09-03T16:45:00+00:00","dateModified":"2021-04-23T20:48:17+00:00","mainEntityOfPage":{"@id":"https:\/\/nutritotal.com.br\/pro\/atividade-fa-sica-melhora-compulsa-o-alimentar\/"},"wordCount":228,"commentCount":0,"publisher":{"@id":"https:\/\/nutritotal.com.br\/pro\/#organization"},"image":{"@id":"https:\/\/nutritotal.com.br\/pro\/atividade-fa-sica-melhora-compulsa-o-alimentar\/#primaryimage"},"thumbnailUrl":"https:\/\/nutritotal.com.br\/pro\/wp-content\/uploads\/2018\/09\/excise_strong.jpg","inLanguage":"pt-BR","potentialAction":[{"@type":"CommentAction","name":"Comment","target":["https:\/\/nutritotal.com.br\/pro\/atividade-fa-sica-melhora-compulsa-o-alimentar\/#respond"]}]},{"@type":"WebPage","@id":"https:\/\/nutritotal.com.br\/pro\/atividade-fa-sica-melhora-compulsa-o-alimentar\/","url":"https:\/\/nutritotal.com.br\/pro\/atividade-fa-sica-melhora-compulsa-o-alimentar\/","name":"Atividade F\u00edsica melhora Compuls\u00e3o Alimentar - Nutritotal PRO","isPartOf":{"@id":"https:\/\/nutritotal.com.br\/pro\/#website"},"primaryImageOfPage":{"@id":"https:\/\/nutritotal.com.br\/pro\/atividade-fa-sica-melhora-compulsa-o-alimentar\/#primaryimage"},"image":{"@id":"https:\/\/nutritotal.com.br\/pro\/atividade-fa-sica-melhora-compulsa-o-alimentar\/#primaryimage"},"thumbnailUrl":"https:\/\/nutritotal.com.br\/pro\/wp-content\/uploads\/2018\/09\/excise_strong.jpg","datePublished":"2018-09-03T16:45:00+00:00","dateModified":"2021-04-23T20:48:17+00:00","breadcrumb":{"@id":"https:\/\/nutritotal.com.br\/pro\/atividade-fa-sica-melhora-compulsa-o-alimentar\/#breadcrumb"},"inLanguage":"pt-BR","potentialAction":[{"@type":"ReadAction","target":["https:\/\/nutritotal.com.br\/pro\/atividade-fa-sica-melhora-compulsa-o-alimentar\/"]}]},{"@type":"ImageObject","inLanguage":"pt-BR","@id":"https:\/\/nutritotal.com.br\/pro\/atividade-fa-sica-melhora-compulsa-o-alimentar\/#primaryimage","url":"https:\/\/nutritotal.com.br\/pro\/wp-content\/uploads\/2018\/09\/excise_strong.jpg","contentUrl":"https:\/\/nutritotal.com.br\/pro\/wp-content\/uploads\/2018\/09\/excise_strong.jpg","width":300,"height":240},{"@type":"BreadcrumbList","@id":"https:\/\/nutritotal.com.br\/pro\/atividade-fa-sica-melhora-compulsa-o-alimentar\/#breadcrumb","itemListElement":[{"@type":"ListItem","position":1,"name":"Home","item":"https:\/\/nutritotal.com.br\/pro\/"},{"@type":"ListItem","position":2,"name":"Atividade F\u00edsica melhora Compuls\u00e3o Alimentar"}]},{"@type":"WebSite","@id":"https:\/\/nutritotal.com.br\/pro\/#website","url":"https:\/\/nutritotal.com.br\/pro\/","name":"Nutritotal PRO","description":"","publisher":{"@id":"https:\/\/nutritotal.com.br\/pro\/#organization"},"potentialAction":[{"@type":"SearchAction","target":{"@type":"EntryPoint","urlTemplate":"https:\/\/nutritotal.com.br\/pro\/?s={search_term_string}"},"query-input":{"@type":"PropertyValueSpecification","valueRequired":true,"valueName":"search_term_string"}}],"inLanguage":"pt-BR"},{"@type":"Organization","@id":"https:\/\/nutritotal.com.br\/pro\/#organization","name":"Nutri Total","url":"https:\/\/nutritotal.com.br\/pro\/","logo":{"@type":"ImageObject","inLanguage":"pt-BR","@id":"https:\/\/nutritotal.com.br\/pro\/#\/schema\/logo\/image\/","url":"https:\/\/nutritotal.com.br\/pro\/wp-content\/uploads\/2022\/12\/Nutritotal-Pro-Vertical-02.png","contentUrl":"https:\/\/nutritotal.com.br\/pro\/wp-content\/uploads\/2022\/12\/Nutritotal-Pro-Vertical-02.png","width":426,"height":426,"caption":"Nutri Total"},"image":{"@id":"https:\/\/nutritotal.com.br\/pro\/#\/schema\/logo\/image\/"},"sameAs":["https:\/\/www.facebook.com\/nutritotalPRO\/","https:\/\/www.instagram.com\/nutritotalpro\/","https:\/\/www.youtube.com\/channel\/UCf01IyXkHLYUDGG0-XHR-YA"]},{"@type":"Person","@id":"https:\/\/nutritotal.com.br\/pro\/#\/schema\/person\/570c1bd5e5a9e227971f2bc681cda85e","name":"noticiasimportacao","image":{"@type":"ImageObject","inLanguage":"pt-BR","@id":"https:\/\/nutritotal.com.br\/pro\/#\/schema\/person\/image\/","url":"https:\/\/secure.gravatar.com\/avatar\/0406650f831be9c74ae59891e45b9ea4?s=96&d=mm&r=g","contentUrl":"https:\/\/secure.gravatar.com\/avatar\/0406650f831be9c74ae59891e45b9ea4?s=96&d=mm&r=g","caption":"noticiasimportacao"},"url":"https:\/\/nutritotal.com.br\/pro\/author\/noticiasimportacao\/"}]}},"views":885,"amp_enabled":true,"_links":{"self":[{"href":"https:\/\/nutritotal.com.br\/pro\/wp-json\/wp\/v2\/posts\/5069"}],"collection":[{"href":"https:\/\/nutritotal.com.br\/pro\/wp-json\/wp\/v2\/posts"}],"about":[{"href":"https:\/\/nutritotal.com.br\/pro\/wp-json\/wp\/v2\/types\/post"}],"author":[{"embeddable":true,"href":"https:\/\/nutritotal.com.br\/pro\/wp-json\/wp\/v2\/users\/44"}],"replies":[{"embeddable":true,"href":"https:\/\/nutritotal.com.br\/pro\/wp-json\/wp\/v2\/comments?post=5069"}],"version-history":[{"count":0,"href":"https:\/\/nutritotal.com.br\/pro\/wp-json\/wp\/v2\/posts\/5069\/revisions"}],"wp:featuredmedia":[{"embeddable":true,"href":"https:\/\/nutritotal.com.br\/pro\/wp-json\/wp\/v2\/media\/5068"}],"wp:attachment":[{"href":"https:\/\/nutritotal.com.br\/pro\/wp-json\/wp\/v2\/media?parent=5069"}],"wp:term":[{"taxonomy":"category","embeddable":true,"href":"https:\/\/nutritotal.com.br\/pro\/wp-json\/wp\/v2\/categories?post=5069"},{"taxonomy":"post_tag","embeddable":true,"href":"https:\/\/nutritotal.com.br\/pro\/wp-json\/wp\/v2\/tags?post=5069"},{"taxonomy":"divisao","embeddable":true,"href":"https:\/\/nutritotal.com.br\/pro\/wp-json\/wp\/v2\/divisao?post=5069"}],"curies":[{"name":"wp","href":"https:\/\/api.w.org\/{rel}","templated":true}]}}