
{"id":5127,"date":"2018-03-06T01:57:00","date_gmt":"2018-03-06T01:57:00","guid":{"rendered":"https:\/\/nutritotal.com.br\/pro?p=5127"},"modified":"2021-12-30T11:40:36","modified_gmt":"2021-12-30T14:40:36","slug":"dieta-vegetariana-e-sa-ndrome-do-intestino-irrita-vel-existe-relaa-a-o","status":"publish","type":"post","link":"https:\/\/nutritotal.com.br\/pro\/dieta-vegetariana-e-sa-ndrome-do-intestino-irrita-vel-existe-relaa-a-o\/","title":{"rendered":"Dieta vegetariana e S\u00edndrome do Intestino Irrit\u00e1vel: Existe rela\u00e7\u00e3o?"},"content":{"rendered":"<p><img loading=\"lazy\" decoding=\"async\" class=\"aligncenter wp-image-49722 size-full\" src=\"https:\/\/nutritotal.com.br\/pro\/wp-content\/uploads\/2018\/03\/Dieta-vegetariana-e-Sindrome-do-Intestino-Irritavel_NOVOSITE.jpg\" alt=\"\" width=\"1140\" height=\"500\" srcset=\"https:\/\/nutritotal.com.br\/pro\/wp-content\/uploads\/2018\/03\/Dieta-vegetariana-e-Sindrome-do-Intestino-Irritavel_NOVOSITE.jpg 1140w, https:\/\/nutritotal.com.br\/pro\/wp-content\/uploads\/2018\/03\/Dieta-vegetariana-e-Sindrome-do-Intestino-Irritavel_NOVOSITE-300x132.jpg 300w, https:\/\/nutritotal.com.br\/pro\/wp-content\/uploads\/2018\/03\/Dieta-vegetariana-e-Sindrome-do-Intestino-Irritavel_NOVOSITE-1024x449.jpg 1024w, https:\/\/nutritotal.com.br\/pro\/wp-content\/uploads\/2018\/03\/Dieta-vegetariana-e-Sindrome-do-Intestino-Irritavel_NOVOSITE-768x337.jpg 768w\" sizes=\"(max-width: 1140px) 100vw, 1140px\" \/>Trabalho teve como objetivo avaliar a associa\u00e7\u00e3o entre a s\u00edndrome do intestino irrit\u00e1vel (SII) e dieta vegetariana (DV). Para isso, pacientes inclu\u00eddo em um estudo de coorte observacional (NutriNet-Sant\u00e9) responderam a um question\u00e1rio com perguntas s\u00f3cio econ\u00f4micas, de estilo de vida, estado desa\u00fade, dieta, e atividade f\u00edsica. Foram aferidos dados antropom\u00e9tricos,aplicado recordat\u00f3rio alimentar de 24h a cada 6 meses, e um question\u00e1rio sobrehist\u00f3ria digestiva e sintomas utilizando o crit\u00e9rio de Roma III.<\/p>\n<p>Participaram do estudo 41.682indiv\u00edduos. A maioria era mulher (78%) com idade m\u00e9dia de 49.8 anos. Dentre osindiv\u00edduos estudados, 2264 (5,4%) apresentavam SII, sendo mais prevalente emmulheres que homens (5.6% vs 4.8%, p=0.03) e 850 (1,9%) reportaram uma DV. Nogeral, dieta vegetariana n\u00e3o foi associada a SII, no entanto, uma DV est\u00e1vel,ou seja, realizada pelo menos 3 vezes por semana, foi associada a SII (OR2,60), SII mista (OR 2,97) e diarreia (OR 2,77). Vegetarianos tiveram um menorconsumo de carnes e bebidas a\u00e7ucaradas e alco\u00f3licas, e um maior consumo deovos, frutas e vegetais, produtos integrais, cereais, frutas secas, legumes,\u00f3leo e bebidas n\u00e3o a\u00e7ucaradas. Tamb\u00e9m apresentaram uma menor ingest\u00e3o cal\u00f3ricae tenderam a atingir a recomenda\u00e7\u00e3o di\u00e1ria de fibras (&gt;25g\/dia).<\/p>\n<p>Com estes dados, os autoressugerem que uma dieta vegetariana de longo prazo pode estar associada a SII.<\/p>\n<p>&nbsp;<\/p>\n","protected":false},"excerpt":{"rendered":"<p>Trabalho teve como objetivo avaliar a associa\u00e7\u00e3o entre a s\u00edndrome do intestino irrit\u00e1vel (SII) e dieta vegetariana (DV). Para isso, pacientes inclu\u00eddo em um estudo de coorte observacional (NutriNet-Sant\u00e9) responderam a um question\u00e1rio com perguntas s\u00f3cio econ\u00f4micas, de estilo de vida, estado desa\u00fade, dieta, e atividade f\u00edsica. Foram aferidos dados antropom\u00e9tricos,aplicado recordat\u00f3rio alimentar de 24h [&hellip;]<\/p>\n","protected":false},"author":44,"featured_media":49723,"comment_status":"open","ping_status":"open","sticky":false,"template":"","format":"standard","meta":{"_acf_changed":false,"footnotes":""},"categories":[1],"tags":[],"divisao":[2193,2190],"acf":[],"yoast_head":"<!-- This site is optimized with the Yoast SEO plugin v23.5 - https:\/\/yoast.com\/wordpress\/plugins\/seo\/ -->\n<title>Dieta vegetariana e S\u00edndrome do Intestino Irrit\u00e1vel: Existe rela\u00e7\u00e3o? - Nutritotal PRO<\/title>\n<meta name=\"robots\" content=\"index, follow, max-snippet:-1, max-image-preview:large, max-video-preview:-1\" \/>\n<link rel=\"canonical\" href=\"https:\/\/nutritotal.com.br\/pro\/dieta-vegetariana-e-sa-ndrome-do-intestino-irrita-vel-existe-relaa-a-o\/\" \/>\n<meta property=\"og:locale\" content=\"pt_BR\" \/>\n<meta property=\"og:type\" content=\"article\" \/>\n<meta property=\"og:title\" content=\"Dieta vegetariana e S\u00edndrome do Intestino Irrit\u00e1vel: Existe rela\u00e7\u00e3o? - Nutritotal PRO\" \/>\n<meta property=\"og:description\" content=\"Trabalho teve como objetivo avaliar a associa\u00e7\u00e3o entre a s\u00edndrome do intestino irrit\u00e1vel (SII) e dieta vegetariana (DV). Para isso, pacientes inclu\u00eddo em um estudo de coorte observacional (NutriNet-Sant\u00e9) responderam a um question\u00e1rio com perguntas s\u00f3cio econ\u00f4micas, de estilo de vida, estado desa\u00fade, dieta, e atividade f\u00edsica. Foram aferidos dados antropom\u00e9tricos,aplicado recordat\u00f3rio alimentar de 24h [&hellip;]\" \/>\n<meta property=\"og:url\" content=\"https:\/\/nutritotal.com.br\/pro\/dieta-vegetariana-e-sa-ndrome-do-intestino-irrita-vel-existe-relaa-a-o\/\" \/>\n<meta property=\"og:site_name\" content=\"Nutritotal PRO\" \/>\n<meta property=\"article:publisher\" content=\"https:\/\/www.facebook.com\/nutritotalPRO\/\" \/>\n<meta property=\"article:published_time\" content=\"2018-03-06T01:57:00+00:00\" \/>\n<meta property=\"article:modified_time\" content=\"2021-12-30T14:40:36+00:00\" \/>\n<meta property=\"og:image\" content=\"https:\/\/nutritotal.com.br\/pro\/wp-content\/uploads\/2018\/03\/Dieta-vegetariana-e-Sindrome-do-Intestino-Irritavel_DESTACADA.jpg\" \/>\n\t<meta property=\"og:image:width\" content=\"257\" \/>\n\t<meta property=\"og:image:height\" content=\"165\" \/>\n\t<meta property=\"og:image:type\" content=\"image\/jpeg\" \/>\n<meta name=\"author\" content=\"noticiasimportacao\" \/>\n<meta name=\"twitter:card\" content=\"summary_large_image\" \/>\n<meta name=\"twitter:label1\" content=\"Escrito por\" \/>\n\t<meta name=\"twitter:data1\" content=\"noticiasimportacao\" \/>\n\t<meta name=\"twitter:label2\" content=\"Est. tempo de leitura\" \/>\n\t<meta name=\"twitter:data2\" content=\"2 minutos\" \/>\n<script type=\"application\/ld+json\" class=\"yoast-schema-graph\">{\"@context\":\"https:\/\/schema.org\",\"@graph\":[{\"@type\":\"Article\",\"@id\":\"https:\/\/nutritotal.com.br\/pro\/dieta-vegetariana-e-sa-ndrome-do-intestino-irrita-vel-existe-relaa-a-o\/#article\",\"isPartOf\":{\"@id\":\"https:\/\/nutritotal.com.br\/pro\/dieta-vegetariana-e-sa-ndrome-do-intestino-irrita-vel-existe-relaa-a-o\/\"},\"author\":{\"name\":\"noticiasimportacao\",\"@id\":\"https:\/\/nutritotal.com.br\/pro\/#\/schema\/person\/570c1bd5e5a9e227971f2bc681cda85e\"},\"headline\":\"Dieta vegetariana e S\u00edndrome do Intestino Irrit\u00e1vel: Existe rela\u00e7\u00e3o?\",\"datePublished\":\"2018-03-06T01:57:00+00:00\",\"dateModified\":\"2021-12-30T14:40:36+00:00\",\"mainEntityOfPage\":{\"@id\":\"https:\/\/nutritotal.com.br\/pro\/dieta-vegetariana-e-sa-ndrome-do-intestino-irrita-vel-existe-relaa-a-o\/\"},\"wordCount\":239,\"commentCount\":0,\"publisher\":{\"@id\":\"https:\/\/nutritotal.com.br\/pro\/#organization\"},\"image\":{\"@id\":\"https:\/\/nutritotal.com.br\/pro\/dieta-vegetariana-e-sa-ndrome-do-intestino-irrita-vel-existe-relaa-a-o\/#primaryimage\"},\"thumbnailUrl\":\"https:\/\/nutritotal.com.br\/pro\/wp-content\/uploads\/2018\/03\/Dieta-vegetariana-e-Sindrome-do-Intestino-Irritavel_DESTACADA.jpg\",\"inLanguage\":\"pt-BR\",\"potentialAction\":[{\"@type\":\"CommentAction\",\"name\":\"Comment\",\"target\":[\"https:\/\/nutritotal.com.br\/pro\/dieta-vegetariana-e-sa-ndrome-do-intestino-irrita-vel-existe-relaa-a-o\/#respond\"]}]},{\"@type\":\"WebPage\",\"@id\":\"https:\/\/nutritotal.com.br\/pro\/dieta-vegetariana-e-sa-ndrome-do-intestino-irrita-vel-existe-relaa-a-o\/\",\"url\":\"https:\/\/nutritotal.com.br\/pro\/dieta-vegetariana-e-sa-ndrome-do-intestino-irrita-vel-existe-relaa-a-o\/\",\"name\":\"Dieta vegetariana e S\u00edndrome do Intestino Irrit\u00e1vel: Existe rela\u00e7\u00e3o? - Nutritotal PRO\",\"isPartOf\":{\"@id\":\"https:\/\/nutritotal.com.br\/pro\/#website\"},\"primaryImageOfPage\":{\"@id\":\"https:\/\/nutritotal.com.br\/pro\/dieta-vegetariana-e-sa-ndrome-do-intestino-irrita-vel-existe-relaa-a-o\/#primaryimage\"},\"image\":{\"@id\":\"https:\/\/nutritotal.com.br\/pro\/dieta-vegetariana-e-sa-ndrome-do-intestino-irrita-vel-existe-relaa-a-o\/#primaryimage\"},\"thumbnailUrl\":\"https:\/\/nutritotal.com.br\/pro\/wp-content\/uploads\/2018\/03\/Dieta-vegetariana-e-Sindrome-do-Intestino-Irritavel_DESTACADA.jpg\",\"datePublished\":\"2018-03-06T01:57:00+00:00\",\"dateModified\":\"2021-12-30T14:40:36+00:00\",\"breadcrumb\":{\"@id\":\"https:\/\/nutritotal.com.br\/pro\/dieta-vegetariana-e-sa-ndrome-do-intestino-irrita-vel-existe-relaa-a-o\/#breadcrumb\"},\"inLanguage\":\"pt-BR\",\"potentialAction\":[{\"@type\":\"ReadAction\",\"target\":[\"https:\/\/nutritotal.com.br\/pro\/dieta-vegetariana-e-sa-ndrome-do-intestino-irrita-vel-existe-relaa-a-o\/\"]}]},{\"@type\":\"ImageObject\",\"inLanguage\":\"pt-BR\",\"@id\":\"https:\/\/nutritotal.com.br\/pro\/dieta-vegetariana-e-sa-ndrome-do-intestino-irrita-vel-existe-relaa-a-o\/#primaryimage\",\"url\":\"https:\/\/nutritotal.com.br\/pro\/wp-content\/uploads\/2018\/03\/Dieta-vegetariana-e-Sindrome-do-Intestino-Irritavel_DESTACADA.jpg\",\"contentUrl\":\"https:\/\/nutritotal.com.br\/pro\/wp-content\/uploads\/2018\/03\/Dieta-vegetariana-e-Sindrome-do-Intestino-Irritavel_DESTACADA.jpg\",\"width\":257,\"height\":165},{\"@type\":\"BreadcrumbList\",\"@id\":\"https:\/\/nutritotal.com.br\/pro\/dieta-vegetariana-e-sa-ndrome-do-intestino-irrita-vel-existe-relaa-a-o\/#breadcrumb\",\"itemListElement\":[{\"@type\":\"ListItem\",\"position\":1,\"name\":\"Home\",\"item\":\"https:\/\/nutritotal.com.br\/pro\/\"},{\"@type\":\"ListItem\",\"position\":2,\"name\":\"Dieta vegetariana e S\u00edndrome do Intestino Irrit\u00e1vel: Existe rela\u00e7\u00e3o?\"}]},{\"@type\":\"WebSite\",\"@id\":\"https:\/\/nutritotal.com.br\/pro\/#website\",\"url\":\"https:\/\/nutritotal.com.br\/pro\/\",\"name\":\"Nutritotal PRO\",\"description\":\"\",\"publisher\":{\"@id\":\"https:\/\/nutritotal.com.br\/pro\/#organization\"},\"potentialAction\":[{\"@type\":\"SearchAction\",\"target\":{\"@type\":\"EntryPoint\",\"urlTemplate\":\"https:\/\/nutritotal.com.br\/pro\/?s={search_term_string}\"},\"query-input\":{\"@type\":\"PropertyValueSpecification\",\"valueRequired\":true,\"valueName\":\"search_term_string\"}}],\"inLanguage\":\"pt-BR\"},{\"@type\":\"Organization\",\"@id\":\"https:\/\/nutritotal.com.br\/pro\/#organization\",\"name\":\"Nutri Total\",\"url\":\"https:\/\/nutritotal.com.br\/pro\/\",\"logo\":{\"@type\":\"ImageObject\",\"inLanguage\":\"pt-BR\",\"@id\":\"https:\/\/nutritotal.com.br\/pro\/#\/schema\/logo\/image\/\",\"url\":\"https:\/\/nutritotal.com.br\/pro\/wp-content\/uploads\/2022\/12\/Nutritotal-Pro-Vertical-02.png\",\"contentUrl\":\"https:\/\/nutritotal.com.br\/pro\/wp-content\/uploads\/2022\/12\/Nutritotal-Pro-Vertical-02.png\",\"width\":426,\"height\":426,\"caption\":\"Nutri Total\"},\"image\":{\"@id\":\"https:\/\/nutritotal.com.br\/pro\/#\/schema\/logo\/image\/\"},\"sameAs\":[\"https:\/\/www.facebook.com\/nutritotalPRO\/\",\"https:\/\/www.instagram.com\/nutritotalpro\/\",\"https:\/\/www.youtube.com\/channel\/UCf01IyXkHLYUDGG0-XHR-YA\"]},{\"@type\":\"Person\",\"@id\":\"https:\/\/nutritotal.com.br\/pro\/#\/schema\/person\/570c1bd5e5a9e227971f2bc681cda85e\",\"name\":\"noticiasimportacao\",\"image\":{\"@type\":\"ImageObject\",\"inLanguage\":\"pt-BR\",\"@id\":\"https:\/\/nutritotal.com.br\/pro\/#\/schema\/person\/image\/\",\"url\":\"https:\/\/secure.gravatar.com\/avatar\/0406650f831be9c74ae59891e45b9ea4?s=96&d=mm&r=g\",\"contentUrl\":\"https:\/\/secure.gravatar.com\/avatar\/0406650f831be9c74ae59891e45b9ea4?s=96&d=mm&r=g\",\"caption\":\"noticiasimportacao\"},\"url\":\"https:\/\/nutritotal.com.br\/pro\/author\/noticiasimportacao\/\"}]}<\/script>\n<!-- \/ Yoast SEO plugin. -->","yoast_head_json":{"title":"Dieta vegetariana e S\u00edndrome do Intestino Irrit\u00e1vel: Existe rela\u00e7\u00e3o? - Nutritotal PRO","robots":{"index":"index","follow":"follow","max-snippet":"max-snippet:-1","max-image-preview":"max-image-preview:large","max-video-preview":"max-video-preview:-1"},"canonical":"https:\/\/nutritotal.com.br\/pro\/dieta-vegetariana-e-sa-ndrome-do-intestino-irrita-vel-existe-relaa-a-o\/","og_locale":"pt_BR","og_type":"article","og_title":"Dieta vegetariana e S\u00edndrome do Intestino Irrit\u00e1vel: Existe rela\u00e7\u00e3o? - Nutritotal PRO","og_description":"Trabalho teve como objetivo avaliar a associa\u00e7\u00e3o entre a s\u00edndrome do intestino irrit\u00e1vel (SII) e dieta vegetariana (DV). Para isso, pacientes inclu\u00eddo em um estudo de coorte observacional (NutriNet-Sant\u00e9) responderam a um question\u00e1rio com perguntas s\u00f3cio econ\u00f4micas, de estilo de vida, estado desa\u00fade, dieta, e atividade f\u00edsica. Foram aferidos dados antropom\u00e9tricos,aplicado recordat\u00f3rio alimentar de 24h [&hellip;]","og_url":"https:\/\/nutritotal.com.br\/pro\/dieta-vegetariana-e-sa-ndrome-do-intestino-irrita-vel-existe-relaa-a-o\/","og_site_name":"Nutritotal PRO","article_publisher":"https:\/\/www.facebook.com\/nutritotalPRO\/","article_published_time":"2018-03-06T01:57:00+00:00","article_modified_time":"2021-12-30T14:40:36+00:00","og_image":[{"width":257,"height":165,"url":"https:\/\/nutritotal.com.br\/pro\/wp-content\/uploads\/2018\/03\/Dieta-vegetariana-e-Sindrome-do-Intestino-Irritavel_DESTACADA.jpg","type":"image\/jpeg"}],"author":"noticiasimportacao","twitter_card":"summary_large_image","twitter_misc":{"Escrito por":"noticiasimportacao","Est. tempo de leitura":"2 minutos"},"schema":{"@context":"https:\/\/schema.org","@graph":[{"@type":"Article","@id":"https:\/\/nutritotal.com.br\/pro\/dieta-vegetariana-e-sa-ndrome-do-intestino-irrita-vel-existe-relaa-a-o\/#article","isPartOf":{"@id":"https:\/\/nutritotal.com.br\/pro\/dieta-vegetariana-e-sa-ndrome-do-intestino-irrita-vel-existe-relaa-a-o\/"},"author":{"name":"noticiasimportacao","@id":"https:\/\/nutritotal.com.br\/pro\/#\/schema\/person\/570c1bd5e5a9e227971f2bc681cda85e"},"headline":"Dieta vegetariana e S\u00edndrome do Intestino Irrit\u00e1vel: Existe rela\u00e7\u00e3o?","datePublished":"2018-03-06T01:57:00+00:00","dateModified":"2021-12-30T14:40:36+00:00","mainEntityOfPage":{"@id":"https:\/\/nutritotal.com.br\/pro\/dieta-vegetariana-e-sa-ndrome-do-intestino-irrita-vel-existe-relaa-a-o\/"},"wordCount":239,"commentCount":0,"publisher":{"@id":"https:\/\/nutritotal.com.br\/pro\/#organization"},"image":{"@id":"https:\/\/nutritotal.com.br\/pro\/dieta-vegetariana-e-sa-ndrome-do-intestino-irrita-vel-existe-relaa-a-o\/#primaryimage"},"thumbnailUrl":"https:\/\/nutritotal.com.br\/pro\/wp-content\/uploads\/2018\/03\/Dieta-vegetariana-e-Sindrome-do-Intestino-Irritavel_DESTACADA.jpg","inLanguage":"pt-BR","potentialAction":[{"@type":"CommentAction","name":"Comment","target":["https:\/\/nutritotal.com.br\/pro\/dieta-vegetariana-e-sa-ndrome-do-intestino-irrita-vel-existe-relaa-a-o\/#respond"]}]},{"@type":"WebPage","@id":"https:\/\/nutritotal.com.br\/pro\/dieta-vegetariana-e-sa-ndrome-do-intestino-irrita-vel-existe-relaa-a-o\/","url":"https:\/\/nutritotal.com.br\/pro\/dieta-vegetariana-e-sa-ndrome-do-intestino-irrita-vel-existe-relaa-a-o\/","name":"Dieta vegetariana e S\u00edndrome do Intestino Irrit\u00e1vel: Existe rela\u00e7\u00e3o? - Nutritotal PRO","isPartOf":{"@id":"https:\/\/nutritotal.com.br\/pro\/#website"},"primaryImageOfPage":{"@id":"https:\/\/nutritotal.com.br\/pro\/dieta-vegetariana-e-sa-ndrome-do-intestino-irrita-vel-existe-relaa-a-o\/#primaryimage"},"image":{"@id":"https:\/\/nutritotal.com.br\/pro\/dieta-vegetariana-e-sa-ndrome-do-intestino-irrita-vel-existe-relaa-a-o\/#primaryimage"},"thumbnailUrl":"https:\/\/nutritotal.com.br\/pro\/wp-content\/uploads\/2018\/03\/Dieta-vegetariana-e-Sindrome-do-Intestino-Irritavel_DESTACADA.jpg","datePublished":"2018-03-06T01:57:00+00:00","dateModified":"2021-12-30T14:40:36+00:00","breadcrumb":{"@id":"https:\/\/nutritotal.com.br\/pro\/dieta-vegetariana-e-sa-ndrome-do-intestino-irrita-vel-existe-relaa-a-o\/#breadcrumb"},"inLanguage":"pt-BR","potentialAction":[{"@type":"ReadAction","target":["https:\/\/nutritotal.com.br\/pro\/dieta-vegetariana-e-sa-ndrome-do-intestino-irrita-vel-existe-relaa-a-o\/"]}]},{"@type":"ImageObject","inLanguage":"pt-BR","@id":"https:\/\/nutritotal.com.br\/pro\/dieta-vegetariana-e-sa-ndrome-do-intestino-irrita-vel-existe-relaa-a-o\/#primaryimage","url":"https:\/\/nutritotal.com.br\/pro\/wp-content\/uploads\/2018\/03\/Dieta-vegetariana-e-Sindrome-do-Intestino-Irritavel_DESTACADA.jpg","contentUrl":"https:\/\/nutritotal.com.br\/pro\/wp-content\/uploads\/2018\/03\/Dieta-vegetariana-e-Sindrome-do-Intestino-Irritavel_DESTACADA.jpg","width":257,"height":165},{"@type":"BreadcrumbList","@id":"https:\/\/nutritotal.com.br\/pro\/dieta-vegetariana-e-sa-ndrome-do-intestino-irrita-vel-existe-relaa-a-o\/#breadcrumb","itemListElement":[{"@type":"ListItem","position":1,"name":"Home","item":"https:\/\/nutritotal.com.br\/pro\/"},{"@type":"ListItem","position":2,"name":"Dieta vegetariana e S\u00edndrome do Intestino Irrit\u00e1vel: Existe rela\u00e7\u00e3o?"}]},{"@type":"WebSite","@id":"https:\/\/nutritotal.com.br\/pro\/#website","url":"https:\/\/nutritotal.com.br\/pro\/","name":"Nutritotal PRO","description":"","publisher":{"@id":"https:\/\/nutritotal.com.br\/pro\/#organization"},"potentialAction":[{"@type":"SearchAction","target":{"@type":"EntryPoint","urlTemplate":"https:\/\/nutritotal.com.br\/pro\/?s={search_term_string}"},"query-input":{"@type":"PropertyValueSpecification","valueRequired":true,"valueName":"search_term_string"}}],"inLanguage":"pt-BR"},{"@type":"Organization","@id":"https:\/\/nutritotal.com.br\/pro\/#organization","name":"Nutri Total","url":"https:\/\/nutritotal.com.br\/pro\/","logo":{"@type":"ImageObject","inLanguage":"pt-BR","@id":"https:\/\/nutritotal.com.br\/pro\/#\/schema\/logo\/image\/","url":"https:\/\/nutritotal.com.br\/pro\/wp-content\/uploads\/2022\/12\/Nutritotal-Pro-Vertical-02.png","contentUrl":"https:\/\/nutritotal.com.br\/pro\/wp-content\/uploads\/2022\/12\/Nutritotal-Pro-Vertical-02.png","width":426,"height":426,"caption":"Nutri Total"},"image":{"@id":"https:\/\/nutritotal.com.br\/pro\/#\/schema\/logo\/image\/"},"sameAs":["https:\/\/www.facebook.com\/nutritotalPRO\/","https:\/\/www.instagram.com\/nutritotalpro\/","https:\/\/www.youtube.com\/channel\/UCf01IyXkHLYUDGG0-XHR-YA"]},{"@type":"Person","@id":"https:\/\/nutritotal.com.br\/pro\/#\/schema\/person\/570c1bd5e5a9e227971f2bc681cda85e","name":"noticiasimportacao","image":{"@type":"ImageObject","inLanguage":"pt-BR","@id":"https:\/\/nutritotal.com.br\/pro\/#\/schema\/person\/image\/","url":"https:\/\/secure.gravatar.com\/avatar\/0406650f831be9c74ae59891e45b9ea4?s=96&d=mm&r=g","contentUrl":"https:\/\/secure.gravatar.com\/avatar\/0406650f831be9c74ae59891e45b9ea4?s=96&d=mm&r=g","caption":"noticiasimportacao"},"url":"https:\/\/nutritotal.com.br\/pro\/author\/noticiasimportacao\/"}]}},"views":2556,"amp_enabled":true,"_links":{"self":[{"href":"https:\/\/nutritotal.com.br\/pro\/wp-json\/wp\/v2\/posts\/5127"}],"collection":[{"href":"https:\/\/nutritotal.com.br\/pro\/wp-json\/wp\/v2\/posts"}],"about":[{"href":"https:\/\/nutritotal.com.br\/pro\/wp-json\/wp\/v2\/types\/post"}],"author":[{"embeddable":true,"href":"https:\/\/nutritotal.com.br\/pro\/wp-json\/wp\/v2\/users\/44"}],"replies":[{"embeddable":true,"href":"https:\/\/nutritotal.com.br\/pro\/wp-json\/wp\/v2\/comments?post=5127"}],"version-history":[{"count":0,"href":"https:\/\/nutritotal.com.br\/pro\/wp-json\/wp\/v2\/posts\/5127\/revisions"}],"wp:featuredmedia":[{"embeddable":true,"href":"https:\/\/nutritotal.com.br\/pro\/wp-json\/wp\/v2\/media\/49723"}],"wp:attachment":[{"href":"https:\/\/nutritotal.com.br\/pro\/wp-json\/wp\/v2\/media?parent=5127"}],"wp:term":[{"taxonomy":"category","embeddable":true,"href":"https:\/\/nutritotal.com.br\/pro\/wp-json\/wp\/v2\/categories?post=5127"},{"taxonomy":"post_tag","embeddable":true,"href":"https:\/\/nutritotal.com.br\/pro\/wp-json\/wp\/v2\/tags?post=5127"},{"taxonomy":"divisao","embeddable":true,"href":"https:\/\/nutritotal.com.br\/pro\/wp-json\/wp\/v2\/divisao?post=5127"}],"curies":[{"name":"wp","href":"https:\/\/api.w.org\/{rel}","templated":true}]}}