
{"id":5169,"date":"2017-12-20T16:01:00","date_gmt":"2017-12-20T16:01:00","guid":{"rendered":"https:\/\/nutritotal.com.br\/pro?p=5169"},"modified":"2021-04-19T11:50:34","modified_gmt":"2021-04-19T14:50:34","slug":"dieta-hiperproteica-e-suplementada-com-fos-esta-associada-a-redua-a-o-de-peso-e-gordura-corporal","status":"publish","type":"post","link":"https:\/\/nutritotal.com.br\/pro\/dieta-hiperproteica-e-suplementada-com-fos-esta-associada-a-redua-a-o-de-peso-e-gordura-corporal\/","title":{"rendered":"Dieta hiperproteica e suplementada com FOS est\u00e1 associada \u00e0 redu\u00e7\u00e3o de peso e gordura corporal"},"content":{"rendered":"<p><img loading=\"lazy\" decoding=\"async\" class=\"img-responsive\" style=\"float: left;margin: 0 .5em 0 0\" role=\"presentation\" src=\"https:\/\/nutritotal.com.br\/pro\/wp-content\/uploads\/2017\/12\/PLANEJAMENTO.jpg\" alt=\"\" width=\"265\" height=\"168\" \/>Estudo investigou a capacidade de frutooligosacar\u00eddeos &#8211; FOS (10%)combinados ou n\u00e3o com dietas com alta concentra\u00e7\u00e3o de prote\u00edna (P) em afetar aingest\u00e3o de calorias e a composi\u00e7\u00e3o corporal.<\/p>\n<p>Foram conduzidos experimentos em 48 ratos divididos em 2 grupos,alimentados ou com uma dieta com baixo teor de gordura (10% de \u00f3leo \/energia)(exp1), ou com uma dieta rica em gordura (35% de \u00f3leo \/ energia)(exp2). Em cada experimento os ratos foram subdivididos em dieta normoproteica(NP \u2013 14% de prote\u00edna do leite), dieta hiperproteica (HP \u2013 55% de prote\u00edna),dieta normoproteica + FOS (10%), e dieta hiperproteica +FOS. Foram mensuradosingest\u00e3o cal\u00f3rica, ganho de peso corporal, metab\u00f3litos plasm\u00e1ticos, e express\u00e3og\u00eanica de peptidos hipotal\u00e2micos que controlam a ingest\u00e3o alimentar.<\/p>\n<p>Nos ratos alimentados com dieta baixa em gorduras, a administra\u00e7\u00e3o de FOSn\u00e3o afetou a massa magra (MM) ou a massa gorda, no entanto a dietahiperproteica foi associada \u00e0 redu\u00e7\u00e3o de massa gorda e \u00e0 tendencia para redu\u00e7\u00e3ode adiposidade. Em ratos alimentados com dieta rica em gorduras, o uso de FOS foiassociado \u00e0 redu\u00e7\u00e3o de peso corporal, massa gorda e adiposidade, e dietashiperproteicas foram associadas \u00e0 tend\u00eancia para redu\u00e7\u00e3o de peso. Ratosalimentados com dieta HP + FOS tiveram redu\u00e7\u00e3o significativa de adiposidadequando comparado a outros grupos.<\/p>\n<p>A ingest\u00e3o de FOS reduziu o consumo cal\u00f3rico de ratos alimentados com dietabaixa em gorduras. \u00a0Surpreendentemente, esignificativamente, a ingest\u00e3o de FOS aumentou ingest\u00e3o de calorias em ratosalimentados com dieta rica em gorduras e rica em prote\u00ednas.<\/p>\n<p>Lip\u00eddeos plasm\u00e1ticos, triglicer\u00eddeo hep\u00e1tico e lipog\u00eanese foram reduzidasno grupo de dieta HP, principalmente em ratos alimentados com dieta rica emgordura. A combina\u00e7\u00e3o HP +FOS refor\u00e7ou a redu\u00e7\u00e3o dos triglic\u00e9rides hep\u00e1ticos eplasm\u00e1ticos.<\/p>\n<p>A partir destes resultados, Hadri e sua equipe conclu\u00edram que principalmenteem dietas ricas em gordura, a associa\u00e7\u00e3o HP + FOS trouxe mais benef\u00edcios que adieta HP para redu\u00e7\u00e3o de gordura corporal, adiposidade corporal e n\u00edveis detriglicer\u00eddeos. Os autores sugerem que estudos devem ser realizados em humanospara que haja comprova\u00e7\u00e3o destes benef\u00edcios.<\/p>\n<p>&nbsp;<\/p>\n","protected":false},"excerpt":{"rendered":"<p>Estudo investigou a capacidade de frutooligosacar\u00eddeos &#8211; FOS (10%)combinados ou n\u00e3o com dietas com alta concentra\u00e7\u00e3o de prote\u00edna (P) em afetar aingest\u00e3o de calorias e a composi\u00e7\u00e3o corporal. Foram conduzidos experimentos em 48 ratos divididos em 2 grupos,alimentados ou com uma dieta com baixo teor de gordura (10% de \u00f3leo \/energia)(exp1), ou com uma dieta [&hellip;]<\/p>\n","protected":false},"author":44,"featured_media":5168,"comment_status":"open","ping_status":"open","sticky":false,"template":"","format":"standard","meta":{"_acf_changed":false,"footnotes":""},"categories":[1],"tags":[],"divisao":[2186,2193],"acf":[],"yoast_head":"<!-- This site is optimized with the Yoast SEO plugin v23.5 - https:\/\/yoast.com\/wordpress\/plugins\/seo\/ -->\n<title>Dieta hiperproteica e suplementada com FOS est\u00e1 associada \u00e0 redu\u00e7\u00e3o de peso e gordura corporal - Nutritotal PRO<\/title>\n<meta name=\"robots\" content=\"index, follow, max-snippet:-1, max-image-preview:large, max-video-preview:-1\" \/>\n<link rel=\"canonical\" href=\"https:\/\/nutritotal.com.br\/pro\/dieta-hiperproteica-e-suplementada-com-fos-esta-associada-a-redua-a-o-de-peso-e-gordura-corporal\/\" \/>\n<meta property=\"og:locale\" content=\"pt_BR\" \/>\n<meta property=\"og:type\" content=\"article\" \/>\n<meta property=\"og:title\" content=\"Dieta hiperproteica e suplementada com FOS est\u00e1 associada \u00e0 redu\u00e7\u00e3o de peso e gordura corporal - Nutritotal PRO\" \/>\n<meta property=\"og:description\" content=\"Estudo investigou a capacidade de frutooligosacar\u00eddeos &#8211; FOS (10%)combinados ou n\u00e3o com dietas com alta concentra\u00e7\u00e3o de prote\u00edna (P) em afetar aingest\u00e3o de calorias e a composi\u00e7\u00e3o corporal. Foram conduzidos experimentos em 48 ratos divididos em 2 grupos,alimentados ou com uma dieta com baixo teor de gordura (10% de \u00f3leo \/energia)(exp1), ou com uma dieta [&hellip;]\" \/>\n<meta property=\"og:url\" content=\"https:\/\/nutritotal.com.br\/pro\/dieta-hiperproteica-e-suplementada-com-fos-esta-associada-a-redua-a-o-de-peso-e-gordura-corporal\/\" \/>\n<meta property=\"og:site_name\" content=\"Nutritotal PRO\" \/>\n<meta property=\"article:publisher\" content=\"https:\/\/www.facebook.com\/nutritotalPRO\/\" \/>\n<meta property=\"article:published_time\" content=\"2017-12-20T16:01:00+00:00\" \/>\n<meta property=\"article:modified_time\" content=\"2021-04-19T14:50:34+00:00\" \/>\n<meta property=\"og:image\" content=\"https:\/\/nutritotal.com.br\/pro\/wp-content\/uploads\/2017\/12\/PLANEJAMENTO.jpg\" \/>\n\t<meta property=\"og:image:width\" content=\"300\" \/>\n\t<meta property=\"og:image:height\" content=\"190\" \/>\n\t<meta property=\"og:image:type\" content=\"image\/jpeg\" \/>\n<meta name=\"author\" content=\"noticiasimportacao\" \/>\n<meta name=\"twitter:card\" content=\"summary_large_image\" \/>\n<meta name=\"twitter:label1\" content=\"Escrito por\" \/>\n\t<meta name=\"twitter:data1\" content=\"noticiasimportacao\" \/>\n\t<meta name=\"twitter:label2\" content=\"Est. tempo de leitura\" \/>\n\t<meta name=\"twitter:data2\" content=\"2 minutos\" \/>\n<script type=\"application\/ld+json\" class=\"yoast-schema-graph\">{\"@context\":\"https:\/\/schema.org\",\"@graph\":[{\"@type\":\"Article\",\"@id\":\"https:\/\/nutritotal.com.br\/pro\/dieta-hiperproteica-e-suplementada-com-fos-esta-associada-a-redua-a-o-de-peso-e-gordura-corporal\/#article\",\"isPartOf\":{\"@id\":\"https:\/\/nutritotal.com.br\/pro\/dieta-hiperproteica-e-suplementada-com-fos-esta-associada-a-redua-a-o-de-peso-e-gordura-corporal\/\"},\"author\":{\"name\":\"noticiasimportacao\",\"@id\":\"https:\/\/nutritotal.com.br\/pro\/#\/schema\/person\/570c1bd5e5a9e227971f2bc681cda85e\"},\"headline\":\"Dieta hiperproteica e suplementada com FOS est\u00e1 associada \u00e0 redu\u00e7\u00e3o de peso e gordura corporal\",\"datePublished\":\"2017-12-20T16:01:00+00:00\",\"dateModified\":\"2021-04-19T14:50:34+00:00\",\"mainEntityOfPage\":{\"@id\":\"https:\/\/nutritotal.com.br\/pro\/dieta-hiperproteica-e-suplementada-com-fos-esta-associada-a-redua-a-o-de-peso-e-gordura-corporal\/\"},\"wordCount\":368,\"commentCount\":0,\"publisher\":{\"@id\":\"https:\/\/nutritotal.com.br\/pro\/#organization\"},\"image\":{\"@id\":\"https:\/\/nutritotal.com.br\/pro\/dieta-hiperproteica-e-suplementada-com-fos-esta-associada-a-redua-a-o-de-peso-e-gordura-corporal\/#primaryimage\"},\"thumbnailUrl\":\"https:\/\/nutritotal.com.br\/pro\/wp-content\/uploads\/2017\/12\/PLANEJAMENTO.jpg\",\"inLanguage\":\"pt-BR\",\"potentialAction\":[{\"@type\":\"CommentAction\",\"name\":\"Comment\",\"target\":[\"https:\/\/nutritotal.com.br\/pro\/dieta-hiperproteica-e-suplementada-com-fos-esta-associada-a-redua-a-o-de-peso-e-gordura-corporal\/#respond\"]}]},{\"@type\":\"WebPage\",\"@id\":\"https:\/\/nutritotal.com.br\/pro\/dieta-hiperproteica-e-suplementada-com-fos-esta-associada-a-redua-a-o-de-peso-e-gordura-corporal\/\",\"url\":\"https:\/\/nutritotal.com.br\/pro\/dieta-hiperproteica-e-suplementada-com-fos-esta-associada-a-redua-a-o-de-peso-e-gordura-corporal\/\",\"name\":\"Dieta hiperproteica e suplementada com FOS est\u00e1 associada \u00e0 redu\u00e7\u00e3o de peso e gordura corporal - Nutritotal PRO\",\"isPartOf\":{\"@id\":\"https:\/\/nutritotal.com.br\/pro\/#website\"},\"primaryImageOfPage\":{\"@id\":\"https:\/\/nutritotal.com.br\/pro\/dieta-hiperproteica-e-suplementada-com-fos-esta-associada-a-redua-a-o-de-peso-e-gordura-corporal\/#primaryimage\"},\"image\":{\"@id\":\"https:\/\/nutritotal.com.br\/pro\/dieta-hiperproteica-e-suplementada-com-fos-esta-associada-a-redua-a-o-de-peso-e-gordura-corporal\/#primaryimage\"},\"thumbnailUrl\":\"https:\/\/nutritotal.com.br\/pro\/wp-content\/uploads\/2017\/12\/PLANEJAMENTO.jpg\",\"datePublished\":\"2017-12-20T16:01:00+00:00\",\"dateModified\":\"2021-04-19T14:50:34+00:00\",\"breadcrumb\":{\"@id\":\"https:\/\/nutritotal.com.br\/pro\/dieta-hiperproteica-e-suplementada-com-fos-esta-associada-a-redua-a-o-de-peso-e-gordura-corporal\/#breadcrumb\"},\"inLanguage\":\"pt-BR\",\"potentialAction\":[{\"@type\":\"ReadAction\",\"target\":[\"https:\/\/nutritotal.com.br\/pro\/dieta-hiperproteica-e-suplementada-com-fos-esta-associada-a-redua-a-o-de-peso-e-gordura-corporal\/\"]}]},{\"@type\":\"ImageObject\",\"inLanguage\":\"pt-BR\",\"@id\":\"https:\/\/nutritotal.com.br\/pro\/dieta-hiperproteica-e-suplementada-com-fos-esta-associada-a-redua-a-o-de-peso-e-gordura-corporal\/#primaryimage\",\"url\":\"https:\/\/nutritotal.com.br\/pro\/wp-content\/uploads\/2017\/12\/PLANEJAMENTO.jpg\",\"contentUrl\":\"https:\/\/nutritotal.com.br\/pro\/wp-content\/uploads\/2017\/12\/PLANEJAMENTO.jpg\",\"width\":300,\"height\":190},{\"@type\":\"BreadcrumbList\",\"@id\":\"https:\/\/nutritotal.com.br\/pro\/dieta-hiperproteica-e-suplementada-com-fos-esta-associada-a-redua-a-o-de-peso-e-gordura-corporal\/#breadcrumb\",\"itemListElement\":[{\"@type\":\"ListItem\",\"position\":1,\"name\":\"Home\",\"item\":\"https:\/\/nutritotal.com.br\/pro\/\"},{\"@type\":\"ListItem\",\"position\":2,\"name\":\"Dieta hiperproteica e suplementada com FOS est\u00e1 associada \u00e0 redu\u00e7\u00e3o de peso e gordura corporal\"}]},{\"@type\":\"WebSite\",\"@id\":\"https:\/\/nutritotal.com.br\/pro\/#website\",\"url\":\"https:\/\/nutritotal.com.br\/pro\/\",\"name\":\"Nutritotal PRO\",\"description\":\"\",\"publisher\":{\"@id\":\"https:\/\/nutritotal.com.br\/pro\/#organization\"},\"potentialAction\":[{\"@type\":\"SearchAction\",\"target\":{\"@type\":\"EntryPoint\",\"urlTemplate\":\"https:\/\/nutritotal.com.br\/pro\/?s={search_term_string}\"},\"query-input\":{\"@type\":\"PropertyValueSpecification\",\"valueRequired\":true,\"valueName\":\"search_term_string\"}}],\"inLanguage\":\"pt-BR\"},{\"@type\":\"Organization\",\"@id\":\"https:\/\/nutritotal.com.br\/pro\/#organization\",\"name\":\"Nutri Total\",\"url\":\"https:\/\/nutritotal.com.br\/pro\/\",\"logo\":{\"@type\":\"ImageObject\",\"inLanguage\":\"pt-BR\",\"@id\":\"https:\/\/nutritotal.com.br\/pro\/#\/schema\/logo\/image\/\",\"url\":\"https:\/\/nutritotal.com.br\/pro\/wp-content\/uploads\/2022\/12\/Nutritotal-Pro-Vertical-02.png\",\"contentUrl\":\"https:\/\/nutritotal.com.br\/pro\/wp-content\/uploads\/2022\/12\/Nutritotal-Pro-Vertical-02.png\",\"width\":426,\"height\":426,\"caption\":\"Nutri Total\"},\"image\":{\"@id\":\"https:\/\/nutritotal.com.br\/pro\/#\/schema\/logo\/image\/\"},\"sameAs\":[\"https:\/\/www.facebook.com\/nutritotalPRO\/\",\"https:\/\/www.instagram.com\/nutritotalpro\/\",\"https:\/\/www.youtube.com\/channel\/UCf01IyXkHLYUDGG0-XHR-YA\"]},{\"@type\":\"Person\",\"@id\":\"https:\/\/nutritotal.com.br\/pro\/#\/schema\/person\/570c1bd5e5a9e227971f2bc681cda85e\",\"name\":\"noticiasimportacao\",\"image\":{\"@type\":\"ImageObject\",\"inLanguage\":\"pt-BR\",\"@id\":\"https:\/\/nutritotal.com.br\/pro\/#\/schema\/person\/image\/\",\"url\":\"https:\/\/secure.gravatar.com\/avatar\/0406650f831be9c74ae59891e45b9ea4?s=96&d=mm&r=g\",\"contentUrl\":\"https:\/\/secure.gravatar.com\/avatar\/0406650f831be9c74ae59891e45b9ea4?s=96&d=mm&r=g\",\"caption\":\"noticiasimportacao\"},\"url\":\"https:\/\/nutritotal.com.br\/pro\/author\/noticiasimportacao\/\"}]}<\/script>\n<!-- \/ Yoast SEO plugin. -->","yoast_head_json":{"title":"Dieta hiperproteica e suplementada com FOS est\u00e1 associada \u00e0 redu\u00e7\u00e3o de peso e gordura corporal - Nutritotal PRO","robots":{"index":"index","follow":"follow","max-snippet":"max-snippet:-1","max-image-preview":"max-image-preview:large","max-video-preview":"max-video-preview:-1"},"canonical":"https:\/\/nutritotal.com.br\/pro\/dieta-hiperproteica-e-suplementada-com-fos-esta-associada-a-redua-a-o-de-peso-e-gordura-corporal\/","og_locale":"pt_BR","og_type":"article","og_title":"Dieta hiperproteica e suplementada com FOS est\u00e1 associada \u00e0 redu\u00e7\u00e3o de peso e gordura corporal - Nutritotal PRO","og_description":"Estudo investigou a capacidade de frutooligosacar\u00eddeos &#8211; FOS (10%)combinados ou n\u00e3o com dietas com alta concentra\u00e7\u00e3o de prote\u00edna (P) em afetar aingest\u00e3o de calorias e a composi\u00e7\u00e3o corporal. Foram conduzidos experimentos em 48 ratos divididos em 2 grupos,alimentados ou com uma dieta com baixo teor de gordura (10% de \u00f3leo \/energia)(exp1), ou com uma dieta [&hellip;]","og_url":"https:\/\/nutritotal.com.br\/pro\/dieta-hiperproteica-e-suplementada-com-fos-esta-associada-a-redua-a-o-de-peso-e-gordura-corporal\/","og_site_name":"Nutritotal PRO","article_publisher":"https:\/\/www.facebook.com\/nutritotalPRO\/","article_published_time":"2017-12-20T16:01:00+00:00","article_modified_time":"2021-04-19T14:50:34+00:00","og_image":[{"width":300,"height":190,"url":"https:\/\/nutritotal.com.br\/pro\/wp-content\/uploads\/2017\/12\/PLANEJAMENTO.jpg","type":"image\/jpeg"}],"author":"noticiasimportacao","twitter_card":"summary_large_image","twitter_misc":{"Escrito por":"noticiasimportacao","Est. tempo de leitura":"2 minutos"},"schema":{"@context":"https:\/\/schema.org","@graph":[{"@type":"Article","@id":"https:\/\/nutritotal.com.br\/pro\/dieta-hiperproteica-e-suplementada-com-fos-esta-associada-a-redua-a-o-de-peso-e-gordura-corporal\/#article","isPartOf":{"@id":"https:\/\/nutritotal.com.br\/pro\/dieta-hiperproteica-e-suplementada-com-fos-esta-associada-a-redua-a-o-de-peso-e-gordura-corporal\/"},"author":{"name":"noticiasimportacao","@id":"https:\/\/nutritotal.com.br\/pro\/#\/schema\/person\/570c1bd5e5a9e227971f2bc681cda85e"},"headline":"Dieta hiperproteica e suplementada com FOS est\u00e1 associada \u00e0 redu\u00e7\u00e3o de peso e gordura corporal","datePublished":"2017-12-20T16:01:00+00:00","dateModified":"2021-04-19T14:50:34+00:00","mainEntityOfPage":{"@id":"https:\/\/nutritotal.com.br\/pro\/dieta-hiperproteica-e-suplementada-com-fos-esta-associada-a-redua-a-o-de-peso-e-gordura-corporal\/"},"wordCount":368,"commentCount":0,"publisher":{"@id":"https:\/\/nutritotal.com.br\/pro\/#organization"},"image":{"@id":"https:\/\/nutritotal.com.br\/pro\/dieta-hiperproteica-e-suplementada-com-fos-esta-associada-a-redua-a-o-de-peso-e-gordura-corporal\/#primaryimage"},"thumbnailUrl":"https:\/\/nutritotal.com.br\/pro\/wp-content\/uploads\/2017\/12\/PLANEJAMENTO.jpg","inLanguage":"pt-BR","potentialAction":[{"@type":"CommentAction","name":"Comment","target":["https:\/\/nutritotal.com.br\/pro\/dieta-hiperproteica-e-suplementada-com-fos-esta-associada-a-redua-a-o-de-peso-e-gordura-corporal\/#respond"]}]},{"@type":"WebPage","@id":"https:\/\/nutritotal.com.br\/pro\/dieta-hiperproteica-e-suplementada-com-fos-esta-associada-a-redua-a-o-de-peso-e-gordura-corporal\/","url":"https:\/\/nutritotal.com.br\/pro\/dieta-hiperproteica-e-suplementada-com-fos-esta-associada-a-redua-a-o-de-peso-e-gordura-corporal\/","name":"Dieta hiperproteica e suplementada com FOS est\u00e1 associada \u00e0 redu\u00e7\u00e3o de peso e gordura corporal - Nutritotal PRO","isPartOf":{"@id":"https:\/\/nutritotal.com.br\/pro\/#website"},"primaryImageOfPage":{"@id":"https:\/\/nutritotal.com.br\/pro\/dieta-hiperproteica-e-suplementada-com-fos-esta-associada-a-redua-a-o-de-peso-e-gordura-corporal\/#primaryimage"},"image":{"@id":"https:\/\/nutritotal.com.br\/pro\/dieta-hiperproteica-e-suplementada-com-fos-esta-associada-a-redua-a-o-de-peso-e-gordura-corporal\/#primaryimage"},"thumbnailUrl":"https:\/\/nutritotal.com.br\/pro\/wp-content\/uploads\/2017\/12\/PLANEJAMENTO.jpg","datePublished":"2017-12-20T16:01:00+00:00","dateModified":"2021-04-19T14:50:34+00:00","breadcrumb":{"@id":"https:\/\/nutritotal.com.br\/pro\/dieta-hiperproteica-e-suplementada-com-fos-esta-associada-a-redua-a-o-de-peso-e-gordura-corporal\/#breadcrumb"},"inLanguage":"pt-BR","potentialAction":[{"@type":"ReadAction","target":["https:\/\/nutritotal.com.br\/pro\/dieta-hiperproteica-e-suplementada-com-fos-esta-associada-a-redua-a-o-de-peso-e-gordura-corporal\/"]}]},{"@type":"ImageObject","inLanguage":"pt-BR","@id":"https:\/\/nutritotal.com.br\/pro\/dieta-hiperproteica-e-suplementada-com-fos-esta-associada-a-redua-a-o-de-peso-e-gordura-corporal\/#primaryimage","url":"https:\/\/nutritotal.com.br\/pro\/wp-content\/uploads\/2017\/12\/PLANEJAMENTO.jpg","contentUrl":"https:\/\/nutritotal.com.br\/pro\/wp-content\/uploads\/2017\/12\/PLANEJAMENTO.jpg","width":300,"height":190},{"@type":"BreadcrumbList","@id":"https:\/\/nutritotal.com.br\/pro\/dieta-hiperproteica-e-suplementada-com-fos-esta-associada-a-redua-a-o-de-peso-e-gordura-corporal\/#breadcrumb","itemListElement":[{"@type":"ListItem","position":1,"name":"Home","item":"https:\/\/nutritotal.com.br\/pro\/"},{"@type":"ListItem","position":2,"name":"Dieta hiperproteica e suplementada com FOS est\u00e1 associada \u00e0 redu\u00e7\u00e3o de peso e gordura corporal"}]},{"@type":"WebSite","@id":"https:\/\/nutritotal.com.br\/pro\/#website","url":"https:\/\/nutritotal.com.br\/pro\/","name":"Nutritotal PRO","description":"","publisher":{"@id":"https:\/\/nutritotal.com.br\/pro\/#organization"},"potentialAction":[{"@type":"SearchAction","target":{"@type":"EntryPoint","urlTemplate":"https:\/\/nutritotal.com.br\/pro\/?s={search_term_string}"},"query-input":{"@type":"PropertyValueSpecification","valueRequired":true,"valueName":"search_term_string"}}],"inLanguage":"pt-BR"},{"@type":"Organization","@id":"https:\/\/nutritotal.com.br\/pro\/#organization","name":"Nutri Total","url":"https:\/\/nutritotal.com.br\/pro\/","logo":{"@type":"ImageObject","inLanguage":"pt-BR","@id":"https:\/\/nutritotal.com.br\/pro\/#\/schema\/logo\/image\/","url":"https:\/\/nutritotal.com.br\/pro\/wp-content\/uploads\/2022\/12\/Nutritotal-Pro-Vertical-02.png","contentUrl":"https:\/\/nutritotal.com.br\/pro\/wp-content\/uploads\/2022\/12\/Nutritotal-Pro-Vertical-02.png","width":426,"height":426,"caption":"Nutri Total"},"image":{"@id":"https:\/\/nutritotal.com.br\/pro\/#\/schema\/logo\/image\/"},"sameAs":["https:\/\/www.facebook.com\/nutritotalPRO\/","https:\/\/www.instagram.com\/nutritotalpro\/","https:\/\/www.youtube.com\/channel\/UCf01IyXkHLYUDGG0-XHR-YA"]},{"@type":"Person","@id":"https:\/\/nutritotal.com.br\/pro\/#\/schema\/person\/570c1bd5e5a9e227971f2bc681cda85e","name":"noticiasimportacao","image":{"@type":"ImageObject","inLanguage":"pt-BR","@id":"https:\/\/nutritotal.com.br\/pro\/#\/schema\/person\/image\/","url":"https:\/\/secure.gravatar.com\/avatar\/0406650f831be9c74ae59891e45b9ea4?s=96&d=mm&r=g","contentUrl":"https:\/\/secure.gravatar.com\/avatar\/0406650f831be9c74ae59891e45b9ea4?s=96&d=mm&r=g","caption":"noticiasimportacao"},"url":"https:\/\/nutritotal.com.br\/pro\/author\/noticiasimportacao\/"}]}},"views":874,"amp_enabled":true,"_links":{"self":[{"href":"https:\/\/nutritotal.com.br\/pro\/wp-json\/wp\/v2\/posts\/5169"}],"collection":[{"href":"https:\/\/nutritotal.com.br\/pro\/wp-json\/wp\/v2\/posts"}],"about":[{"href":"https:\/\/nutritotal.com.br\/pro\/wp-json\/wp\/v2\/types\/post"}],"author":[{"embeddable":true,"href":"https:\/\/nutritotal.com.br\/pro\/wp-json\/wp\/v2\/users\/44"}],"replies":[{"embeddable":true,"href":"https:\/\/nutritotal.com.br\/pro\/wp-json\/wp\/v2\/comments?post=5169"}],"version-history":[{"count":0,"href":"https:\/\/nutritotal.com.br\/pro\/wp-json\/wp\/v2\/posts\/5169\/revisions"}],"wp:featuredmedia":[{"embeddable":true,"href":"https:\/\/nutritotal.com.br\/pro\/wp-json\/wp\/v2\/media\/5168"}],"wp:attachment":[{"href":"https:\/\/nutritotal.com.br\/pro\/wp-json\/wp\/v2\/media?parent=5169"}],"wp:term":[{"taxonomy":"category","embeddable":true,"href":"https:\/\/nutritotal.com.br\/pro\/wp-json\/wp\/v2\/categories?post=5169"},{"taxonomy":"post_tag","embeddable":true,"href":"https:\/\/nutritotal.com.br\/pro\/wp-json\/wp\/v2\/tags?post=5169"},{"taxonomy":"divisao","embeddable":true,"href":"https:\/\/nutritotal.com.br\/pro\/wp-json\/wp\/v2\/divisao?post=5169"}],"curies":[{"name":"wp","href":"https:\/\/api.w.org\/{rel}","templated":true}]}}