
{"id":5239,"date":"2017-12-04T16:51:00","date_gmt":"2017-12-04T16:51:00","guid":{"rendered":"https:\/\/nutritotal.com.br\/pro?p=5239"},"modified":"2021-04-19T11:53:02","modified_gmt":"2021-04-19T14:53:02","slug":"impacto-no-consumo-alimentar-apa-s-uma-intervena-a-o-multina-vel-a-acesso-e-demanda","status":"publish","type":"post","link":"https:\/\/nutritotal.com.br\/pro\/impacto-no-consumo-alimentar-apa-s-uma-intervena-a-o-multina-vel-a-acesso-e-demanda\/","title":{"rendered":"Impacto no consumo alimentar ap\u00f3s uma interven\u00e7\u00e3o multin\u00edvel \u2013 acesso e demanda"},"content":{"rendered":"<p><img loading=\"lazy\" decoding=\"async\" class=\"img-responsive\" style=\"float: left;margin: 0 .5em 0 0\" role=\"presentation\" src=\"https:\/\/nutritotal.com.br\/pro\/wp-content\/uploads\/2017\/12\/supermercado.jpg\" alt=\"\" width=\"266\" height=\"177\" \/>Obesidade e outras doen\u00e7as cr\u00f4nicas relacionadas \u00e0alimenta\u00e7\u00e3o se tornaram os maiores contribuintes para morbidade e mortalidadeprecoce no mundo. Gittelsohn e colaboradores realizaram um estudo com oobjetivo de avaliar o impacto de um programa de interven\u00e7\u00e3o multin\u00edvel \u2013operado em diferentes n\u00edveis do ambiente alimentar &#8211; na compra de alimentossaud\u00e1veis por adultos e crian\u00e7as.<\/p>\n<p>A interven\u00e7\u00e3o B\u2019more Healthy Communities for Kids(BHCK) trabalhou com a\u00e7\u00f5es no mercado atacadista (n = 3), em lojas de conveni\u00eancia(n = 50), supermercados (n = 30), centro de recrea\u00e7\u00e3o (n = 28), n\u00edvel dom\u00e9stico\u00a0(n = 365) e com crian\u00e7as e seuscuidadores para melhorar a disponibilidade, compra e consumo de alimentos ebebidas mais saud\u00e1veis \u200b\u200b(baixo teor de a\u00e7\u00facar e baixo teor de gordura). Oestudo foi realizado em 14 bairros de uma comunidade de baixa renda, e osresultados foram comparando com 14 bairros onde as interven\u00e7\u00f5es n\u00e3o foram realizadas.<\/p>\n<p>Os atacadistas foram convidados a comercializarprodutos mais saud\u00e1veis, e para as lojas de conveni\u00eancia e supermercados foisugerido ter em estoque e\/ou realizar prepara\u00e7\u00f5es com esses mesmos produtos. Osalimentos foram promovidos atrav\u00e9s de cartazes f\u00edsicos e em redes sociais, etiquetanas prateleiras, distribui\u00e7\u00e3o de amostras, folhetos com explica\u00e7\u00f5es sobre osbenef\u00edcios do consumo, al\u00e9m de atividades educacionais realizadas nas pr\u00f3priaslojas ou nos centros de recrea\u00e7\u00e3o.<\/p>\n<p>Ao final das interven\u00e7\u00f5es foi verificado que asvendas de produtos promovidos aumentaram nos mercados atacadistas. A estocagemdestes produtos melhorou nas lojas de conveni\u00eancia, mas n\u00e3o em supermercados, n\u00e3ohavendo nenhuma altera\u00e7\u00e3o nas vendas totais. Crian\u00e7as mais expostas \u00e0interven\u00e7\u00e3o aumentaram sua frequ\u00eancia de compra dos produtos promovidos, emboraa melhoria n\u00e3o tenha sido observada para adultos respons\u00e1veis por elas.<\/p>\n<p>A partir deste estudo, os pesquisadores conclu\u00edramque uma interven\u00e7\u00e3o multin\u00edvel no meio ambiente de alimentos em uma comunidadeurbana de baixa renda melhorou aspectos dosistema alimentar, levando ao aumentoda compra de alimentos saud\u00e1veis \u200b\u200bem crian\u00e7as. Estas <span>interven\u00e7\u00f5es podem, de fato, melhorar as op\u00e7\u00f5esdispon\u00edveis para as comunidades (acesso), bem como o comportamento doconsumidor (demanda).<\/span><\/p>\n<p>&nbsp;<\/p>\n","protected":false},"excerpt":{"rendered":"<p>Obesidade e outras doen\u00e7as cr\u00f4nicas relacionadas \u00e0alimenta\u00e7\u00e3o se tornaram os maiores contribuintes para morbidade e mortalidadeprecoce no mundo. Gittelsohn e colaboradores realizaram um estudo com oobjetivo de avaliar o impacto de um programa de interven\u00e7\u00e3o multin\u00edvel \u2013operado em diferentes n\u00edveis do ambiente alimentar &#8211; na compra de alimentossaud\u00e1veis por adultos e crian\u00e7as. A interven\u00e7\u00e3o B\u2019more [&hellip;]<\/p>\n","protected":false},"author":44,"featured_media":5238,"comment_status":"open","ping_status":"open","sticky":false,"template":"","format":"standard","meta":{"_acf_changed":false,"footnotes":""},"categories":[1],"tags":[],"divisao":[2186],"acf":[],"yoast_head":"<!-- This site is optimized with the Yoast SEO plugin v23.5 - https:\/\/yoast.com\/wordpress\/plugins\/seo\/ -->\n<title>Impacto no consumo alimentar ap\u00f3s uma interven\u00e7\u00e3o multin\u00edvel \u2013 acesso e demanda - Nutritotal PRO<\/title>\n<meta name=\"robots\" content=\"index, follow, max-snippet:-1, max-image-preview:large, max-video-preview:-1\" \/>\n<link rel=\"canonical\" href=\"https:\/\/nutritotal.com.br\/pro\/impacto-no-consumo-alimentar-apa-s-uma-intervena-a-o-multina-vel-a-acesso-e-demanda\/\" \/>\n<meta property=\"og:locale\" content=\"pt_BR\" \/>\n<meta property=\"og:type\" content=\"article\" \/>\n<meta property=\"og:title\" content=\"Impacto no consumo alimentar ap\u00f3s uma interven\u00e7\u00e3o multin\u00edvel \u2013 acesso e demanda - Nutritotal PRO\" \/>\n<meta property=\"og:description\" content=\"Obesidade e outras doen\u00e7as cr\u00f4nicas relacionadas \u00e0alimenta\u00e7\u00e3o se tornaram os maiores contribuintes para morbidade e mortalidadeprecoce no mundo. Gittelsohn e colaboradores realizaram um estudo com oobjetivo de avaliar o impacto de um programa de interven\u00e7\u00e3o multin\u00edvel \u2013operado em diferentes n\u00edveis do ambiente alimentar &#8211; na compra de alimentossaud\u00e1veis por adultos e crian\u00e7as. A interven\u00e7\u00e3o B\u2019more [&hellip;]\" \/>\n<meta property=\"og:url\" content=\"https:\/\/nutritotal.com.br\/pro\/impacto-no-consumo-alimentar-apa-s-uma-intervena-a-o-multina-vel-a-acesso-e-demanda\/\" \/>\n<meta property=\"og:site_name\" content=\"Nutritotal PRO\" \/>\n<meta property=\"article:publisher\" content=\"https:\/\/www.facebook.com\/nutritotalPRO\/\" \/>\n<meta property=\"article:published_time\" content=\"2017-12-04T16:51:00+00:00\" \/>\n<meta property=\"article:modified_time\" content=\"2021-04-19T14:53:02+00:00\" \/>\n<meta property=\"og:image\" content=\"https:\/\/nutritotal.com.br\/pro\/wp-content\/uploads\/2017\/12\/supermercado.jpg\" \/>\n\t<meta property=\"og:image:width\" content=\"320\" \/>\n\t<meta property=\"og:image:height\" content=\"213\" \/>\n\t<meta property=\"og:image:type\" content=\"image\/jpeg\" \/>\n<meta name=\"author\" content=\"noticiasimportacao\" \/>\n<meta name=\"twitter:card\" content=\"summary_large_image\" \/>\n<meta name=\"twitter:label1\" content=\"Escrito por\" \/>\n\t<meta name=\"twitter:data1\" content=\"noticiasimportacao\" \/>\n\t<meta name=\"twitter:label2\" content=\"Est. tempo de leitura\" \/>\n\t<meta name=\"twitter:data2\" content=\"2 minutos\" \/>\n<script type=\"application\/ld+json\" class=\"yoast-schema-graph\">{\"@context\":\"https:\/\/schema.org\",\"@graph\":[{\"@type\":\"Article\",\"@id\":\"https:\/\/nutritotal.com.br\/pro\/impacto-no-consumo-alimentar-apa-s-uma-intervena-a-o-multina-vel-a-acesso-e-demanda\/#article\",\"isPartOf\":{\"@id\":\"https:\/\/nutritotal.com.br\/pro\/impacto-no-consumo-alimentar-apa-s-uma-intervena-a-o-multina-vel-a-acesso-e-demanda\/\"},\"author\":{\"name\":\"noticiasimportacao\",\"@id\":\"https:\/\/nutritotal.com.br\/pro\/#\/schema\/person\/570c1bd5e5a9e227971f2bc681cda85e\"},\"headline\":\"Impacto no consumo alimentar ap\u00f3s uma interven\u00e7\u00e3o multin\u00edvel \u2013 acesso e demanda\",\"datePublished\":\"2017-12-04T16:51:00+00:00\",\"dateModified\":\"2021-04-19T14:53:02+00:00\",\"mainEntityOfPage\":{\"@id\":\"https:\/\/nutritotal.com.br\/pro\/impacto-no-consumo-alimentar-apa-s-uma-intervena-a-o-multina-vel-a-acesso-e-demanda\/\"},\"wordCount\":365,\"commentCount\":0,\"publisher\":{\"@id\":\"https:\/\/nutritotal.com.br\/pro\/#organization\"},\"image\":{\"@id\":\"https:\/\/nutritotal.com.br\/pro\/impacto-no-consumo-alimentar-apa-s-uma-intervena-a-o-multina-vel-a-acesso-e-demanda\/#primaryimage\"},\"thumbnailUrl\":\"https:\/\/nutritotal.com.br\/pro\/wp-content\/uploads\/2017\/12\/supermercado.jpg\",\"inLanguage\":\"pt-BR\",\"potentialAction\":[{\"@type\":\"CommentAction\",\"name\":\"Comment\",\"target\":[\"https:\/\/nutritotal.com.br\/pro\/impacto-no-consumo-alimentar-apa-s-uma-intervena-a-o-multina-vel-a-acesso-e-demanda\/#respond\"]}]},{\"@type\":\"WebPage\",\"@id\":\"https:\/\/nutritotal.com.br\/pro\/impacto-no-consumo-alimentar-apa-s-uma-intervena-a-o-multina-vel-a-acesso-e-demanda\/\",\"url\":\"https:\/\/nutritotal.com.br\/pro\/impacto-no-consumo-alimentar-apa-s-uma-intervena-a-o-multina-vel-a-acesso-e-demanda\/\",\"name\":\"Impacto no consumo alimentar ap\u00f3s uma interven\u00e7\u00e3o multin\u00edvel \u2013 acesso e demanda - Nutritotal PRO\",\"isPartOf\":{\"@id\":\"https:\/\/nutritotal.com.br\/pro\/#website\"},\"primaryImageOfPage\":{\"@id\":\"https:\/\/nutritotal.com.br\/pro\/impacto-no-consumo-alimentar-apa-s-uma-intervena-a-o-multina-vel-a-acesso-e-demanda\/#primaryimage\"},\"image\":{\"@id\":\"https:\/\/nutritotal.com.br\/pro\/impacto-no-consumo-alimentar-apa-s-uma-intervena-a-o-multina-vel-a-acesso-e-demanda\/#primaryimage\"},\"thumbnailUrl\":\"https:\/\/nutritotal.com.br\/pro\/wp-content\/uploads\/2017\/12\/supermercado.jpg\",\"datePublished\":\"2017-12-04T16:51:00+00:00\",\"dateModified\":\"2021-04-19T14:53:02+00:00\",\"breadcrumb\":{\"@id\":\"https:\/\/nutritotal.com.br\/pro\/impacto-no-consumo-alimentar-apa-s-uma-intervena-a-o-multina-vel-a-acesso-e-demanda\/#breadcrumb\"},\"inLanguage\":\"pt-BR\",\"potentialAction\":[{\"@type\":\"ReadAction\",\"target\":[\"https:\/\/nutritotal.com.br\/pro\/impacto-no-consumo-alimentar-apa-s-uma-intervena-a-o-multina-vel-a-acesso-e-demanda\/\"]}]},{\"@type\":\"ImageObject\",\"inLanguage\":\"pt-BR\",\"@id\":\"https:\/\/nutritotal.com.br\/pro\/impacto-no-consumo-alimentar-apa-s-uma-intervena-a-o-multina-vel-a-acesso-e-demanda\/#primaryimage\",\"url\":\"https:\/\/nutritotal.com.br\/pro\/wp-content\/uploads\/2017\/12\/supermercado.jpg\",\"contentUrl\":\"https:\/\/nutritotal.com.br\/pro\/wp-content\/uploads\/2017\/12\/supermercado.jpg\",\"width\":320,\"height\":213},{\"@type\":\"BreadcrumbList\",\"@id\":\"https:\/\/nutritotal.com.br\/pro\/impacto-no-consumo-alimentar-apa-s-uma-intervena-a-o-multina-vel-a-acesso-e-demanda\/#breadcrumb\",\"itemListElement\":[{\"@type\":\"ListItem\",\"position\":1,\"name\":\"Home\",\"item\":\"https:\/\/nutritotal.com.br\/pro\/\"},{\"@type\":\"ListItem\",\"position\":2,\"name\":\"Impacto no consumo alimentar ap\u00f3s uma interven\u00e7\u00e3o multin\u00edvel \u2013 acesso e demanda\"}]},{\"@type\":\"WebSite\",\"@id\":\"https:\/\/nutritotal.com.br\/pro\/#website\",\"url\":\"https:\/\/nutritotal.com.br\/pro\/\",\"name\":\"Nutritotal PRO\",\"description\":\"\",\"publisher\":{\"@id\":\"https:\/\/nutritotal.com.br\/pro\/#organization\"},\"potentialAction\":[{\"@type\":\"SearchAction\",\"target\":{\"@type\":\"EntryPoint\",\"urlTemplate\":\"https:\/\/nutritotal.com.br\/pro\/?s={search_term_string}\"},\"query-input\":{\"@type\":\"PropertyValueSpecification\",\"valueRequired\":true,\"valueName\":\"search_term_string\"}}],\"inLanguage\":\"pt-BR\"},{\"@type\":\"Organization\",\"@id\":\"https:\/\/nutritotal.com.br\/pro\/#organization\",\"name\":\"Nutri Total\",\"url\":\"https:\/\/nutritotal.com.br\/pro\/\",\"logo\":{\"@type\":\"ImageObject\",\"inLanguage\":\"pt-BR\",\"@id\":\"https:\/\/nutritotal.com.br\/pro\/#\/schema\/logo\/image\/\",\"url\":\"https:\/\/nutritotal.com.br\/pro\/wp-content\/uploads\/2022\/12\/Nutritotal-Pro-Vertical-02.png\",\"contentUrl\":\"https:\/\/nutritotal.com.br\/pro\/wp-content\/uploads\/2022\/12\/Nutritotal-Pro-Vertical-02.png\",\"width\":426,\"height\":426,\"caption\":\"Nutri Total\"},\"image\":{\"@id\":\"https:\/\/nutritotal.com.br\/pro\/#\/schema\/logo\/image\/\"},\"sameAs\":[\"https:\/\/www.facebook.com\/nutritotalPRO\/\",\"https:\/\/www.instagram.com\/nutritotalpro\/\",\"https:\/\/www.youtube.com\/channel\/UCf01IyXkHLYUDGG0-XHR-YA\"]},{\"@type\":\"Person\",\"@id\":\"https:\/\/nutritotal.com.br\/pro\/#\/schema\/person\/570c1bd5e5a9e227971f2bc681cda85e\",\"name\":\"noticiasimportacao\",\"image\":{\"@type\":\"ImageObject\",\"inLanguage\":\"pt-BR\",\"@id\":\"https:\/\/nutritotal.com.br\/pro\/#\/schema\/person\/image\/\",\"url\":\"https:\/\/secure.gravatar.com\/avatar\/0406650f831be9c74ae59891e45b9ea4?s=96&d=mm&r=g\",\"contentUrl\":\"https:\/\/secure.gravatar.com\/avatar\/0406650f831be9c74ae59891e45b9ea4?s=96&d=mm&r=g\",\"caption\":\"noticiasimportacao\"},\"url\":\"https:\/\/nutritotal.com.br\/pro\/author\/noticiasimportacao\/\"}]}<\/script>\n<!-- \/ Yoast SEO plugin. -->","yoast_head_json":{"title":"Impacto no consumo alimentar ap\u00f3s uma interven\u00e7\u00e3o multin\u00edvel \u2013 acesso e demanda - Nutritotal PRO","robots":{"index":"index","follow":"follow","max-snippet":"max-snippet:-1","max-image-preview":"max-image-preview:large","max-video-preview":"max-video-preview:-1"},"canonical":"https:\/\/nutritotal.com.br\/pro\/impacto-no-consumo-alimentar-apa-s-uma-intervena-a-o-multina-vel-a-acesso-e-demanda\/","og_locale":"pt_BR","og_type":"article","og_title":"Impacto no consumo alimentar ap\u00f3s uma interven\u00e7\u00e3o multin\u00edvel \u2013 acesso e demanda - Nutritotal PRO","og_description":"Obesidade e outras doen\u00e7as cr\u00f4nicas relacionadas \u00e0alimenta\u00e7\u00e3o se tornaram os maiores contribuintes para morbidade e mortalidadeprecoce no mundo. Gittelsohn e colaboradores realizaram um estudo com oobjetivo de avaliar o impacto de um programa de interven\u00e7\u00e3o multin\u00edvel \u2013operado em diferentes n\u00edveis do ambiente alimentar &#8211; na compra de alimentossaud\u00e1veis por adultos e crian\u00e7as. A interven\u00e7\u00e3o B\u2019more [&hellip;]","og_url":"https:\/\/nutritotal.com.br\/pro\/impacto-no-consumo-alimentar-apa-s-uma-intervena-a-o-multina-vel-a-acesso-e-demanda\/","og_site_name":"Nutritotal PRO","article_publisher":"https:\/\/www.facebook.com\/nutritotalPRO\/","article_published_time":"2017-12-04T16:51:00+00:00","article_modified_time":"2021-04-19T14:53:02+00:00","og_image":[{"width":320,"height":213,"url":"https:\/\/nutritotal.com.br\/pro\/wp-content\/uploads\/2017\/12\/supermercado.jpg","type":"image\/jpeg"}],"author":"noticiasimportacao","twitter_card":"summary_large_image","twitter_misc":{"Escrito por":"noticiasimportacao","Est. tempo de leitura":"2 minutos"},"schema":{"@context":"https:\/\/schema.org","@graph":[{"@type":"Article","@id":"https:\/\/nutritotal.com.br\/pro\/impacto-no-consumo-alimentar-apa-s-uma-intervena-a-o-multina-vel-a-acesso-e-demanda\/#article","isPartOf":{"@id":"https:\/\/nutritotal.com.br\/pro\/impacto-no-consumo-alimentar-apa-s-uma-intervena-a-o-multina-vel-a-acesso-e-demanda\/"},"author":{"name":"noticiasimportacao","@id":"https:\/\/nutritotal.com.br\/pro\/#\/schema\/person\/570c1bd5e5a9e227971f2bc681cda85e"},"headline":"Impacto no consumo alimentar ap\u00f3s uma interven\u00e7\u00e3o multin\u00edvel \u2013 acesso e demanda","datePublished":"2017-12-04T16:51:00+00:00","dateModified":"2021-04-19T14:53:02+00:00","mainEntityOfPage":{"@id":"https:\/\/nutritotal.com.br\/pro\/impacto-no-consumo-alimentar-apa-s-uma-intervena-a-o-multina-vel-a-acesso-e-demanda\/"},"wordCount":365,"commentCount":0,"publisher":{"@id":"https:\/\/nutritotal.com.br\/pro\/#organization"},"image":{"@id":"https:\/\/nutritotal.com.br\/pro\/impacto-no-consumo-alimentar-apa-s-uma-intervena-a-o-multina-vel-a-acesso-e-demanda\/#primaryimage"},"thumbnailUrl":"https:\/\/nutritotal.com.br\/pro\/wp-content\/uploads\/2017\/12\/supermercado.jpg","inLanguage":"pt-BR","potentialAction":[{"@type":"CommentAction","name":"Comment","target":["https:\/\/nutritotal.com.br\/pro\/impacto-no-consumo-alimentar-apa-s-uma-intervena-a-o-multina-vel-a-acesso-e-demanda\/#respond"]}]},{"@type":"WebPage","@id":"https:\/\/nutritotal.com.br\/pro\/impacto-no-consumo-alimentar-apa-s-uma-intervena-a-o-multina-vel-a-acesso-e-demanda\/","url":"https:\/\/nutritotal.com.br\/pro\/impacto-no-consumo-alimentar-apa-s-uma-intervena-a-o-multina-vel-a-acesso-e-demanda\/","name":"Impacto no consumo alimentar ap\u00f3s uma interven\u00e7\u00e3o multin\u00edvel \u2013 acesso e demanda - Nutritotal PRO","isPartOf":{"@id":"https:\/\/nutritotal.com.br\/pro\/#website"},"primaryImageOfPage":{"@id":"https:\/\/nutritotal.com.br\/pro\/impacto-no-consumo-alimentar-apa-s-uma-intervena-a-o-multina-vel-a-acesso-e-demanda\/#primaryimage"},"image":{"@id":"https:\/\/nutritotal.com.br\/pro\/impacto-no-consumo-alimentar-apa-s-uma-intervena-a-o-multina-vel-a-acesso-e-demanda\/#primaryimage"},"thumbnailUrl":"https:\/\/nutritotal.com.br\/pro\/wp-content\/uploads\/2017\/12\/supermercado.jpg","datePublished":"2017-12-04T16:51:00+00:00","dateModified":"2021-04-19T14:53:02+00:00","breadcrumb":{"@id":"https:\/\/nutritotal.com.br\/pro\/impacto-no-consumo-alimentar-apa-s-uma-intervena-a-o-multina-vel-a-acesso-e-demanda\/#breadcrumb"},"inLanguage":"pt-BR","potentialAction":[{"@type":"ReadAction","target":["https:\/\/nutritotal.com.br\/pro\/impacto-no-consumo-alimentar-apa-s-uma-intervena-a-o-multina-vel-a-acesso-e-demanda\/"]}]},{"@type":"ImageObject","inLanguage":"pt-BR","@id":"https:\/\/nutritotal.com.br\/pro\/impacto-no-consumo-alimentar-apa-s-uma-intervena-a-o-multina-vel-a-acesso-e-demanda\/#primaryimage","url":"https:\/\/nutritotal.com.br\/pro\/wp-content\/uploads\/2017\/12\/supermercado.jpg","contentUrl":"https:\/\/nutritotal.com.br\/pro\/wp-content\/uploads\/2017\/12\/supermercado.jpg","width":320,"height":213},{"@type":"BreadcrumbList","@id":"https:\/\/nutritotal.com.br\/pro\/impacto-no-consumo-alimentar-apa-s-uma-intervena-a-o-multina-vel-a-acesso-e-demanda\/#breadcrumb","itemListElement":[{"@type":"ListItem","position":1,"name":"Home","item":"https:\/\/nutritotal.com.br\/pro\/"},{"@type":"ListItem","position":2,"name":"Impacto no consumo alimentar ap\u00f3s uma interven\u00e7\u00e3o multin\u00edvel \u2013 acesso e demanda"}]},{"@type":"WebSite","@id":"https:\/\/nutritotal.com.br\/pro\/#website","url":"https:\/\/nutritotal.com.br\/pro\/","name":"Nutritotal PRO","description":"","publisher":{"@id":"https:\/\/nutritotal.com.br\/pro\/#organization"},"potentialAction":[{"@type":"SearchAction","target":{"@type":"EntryPoint","urlTemplate":"https:\/\/nutritotal.com.br\/pro\/?s={search_term_string}"},"query-input":{"@type":"PropertyValueSpecification","valueRequired":true,"valueName":"search_term_string"}}],"inLanguage":"pt-BR"},{"@type":"Organization","@id":"https:\/\/nutritotal.com.br\/pro\/#organization","name":"Nutri Total","url":"https:\/\/nutritotal.com.br\/pro\/","logo":{"@type":"ImageObject","inLanguage":"pt-BR","@id":"https:\/\/nutritotal.com.br\/pro\/#\/schema\/logo\/image\/","url":"https:\/\/nutritotal.com.br\/pro\/wp-content\/uploads\/2022\/12\/Nutritotal-Pro-Vertical-02.png","contentUrl":"https:\/\/nutritotal.com.br\/pro\/wp-content\/uploads\/2022\/12\/Nutritotal-Pro-Vertical-02.png","width":426,"height":426,"caption":"Nutri Total"},"image":{"@id":"https:\/\/nutritotal.com.br\/pro\/#\/schema\/logo\/image\/"},"sameAs":["https:\/\/www.facebook.com\/nutritotalPRO\/","https:\/\/www.instagram.com\/nutritotalpro\/","https:\/\/www.youtube.com\/channel\/UCf01IyXkHLYUDGG0-XHR-YA"]},{"@type":"Person","@id":"https:\/\/nutritotal.com.br\/pro\/#\/schema\/person\/570c1bd5e5a9e227971f2bc681cda85e","name":"noticiasimportacao","image":{"@type":"ImageObject","inLanguage":"pt-BR","@id":"https:\/\/nutritotal.com.br\/pro\/#\/schema\/person\/image\/","url":"https:\/\/secure.gravatar.com\/avatar\/0406650f831be9c74ae59891e45b9ea4?s=96&d=mm&r=g","contentUrl":"https:\/\/secure.gravatar.com\/avatar\/0406650f831be9c74ae59891e45b9ea4?s=96&d=mm&r=g","caption":"noticiasimportacao"},"url":"https:\/\/nutritotal.com.br\/pro\/author\/noticiasimportacao\/"}]}},"views":558,"amp_enabled":true,"_links":{"self":[{"href":"https:\/\/nutritotal.com.br\/pro\/wp-json\/wp\/v2\/posts\/5239"}],"collection":[{"href":"https:\/\/nutritotal.com.br\/pro\/wp-json\/wp\/v2\/posts"}],"about":[{"href":"https:\/\/nutritotal.com.br\/pro\/wp-json\/wp\/v2\/types\/post"}],"author":[{"embeddable":true,"href":"https:\/\/nutritotal.com.br\/pro\/wp-json\/wp\/v2\/users\/44"}],"replies":[{"embeddable":true,"href":"https:\/\/nutritotal.com.br\/pro\/wp-json\/wp\/v2\/comments?post=5239"}],"version-history":[{"count":0,"href":"https:\/\/nutritotal.com.br\/pro\/wp-json\/wp\/v2\/posts\/5239\/revisions"}],"wp:featuredmedia":[{"embeddable":true,"href":"https:\/\/nutritotal.com.br\/pro\/wp-json\/wp\/v2\/media\/5238"}],"wp:attachment":[{"href":"https:\/\/nutritotal.com.br\/pro\/wp-json\/wp\/v2\/media?parent=5239"}],"wp:term":[{"taxonomy":"category","embeddable":true,"href":"https:\/\/nutritotal.com.br\/pro\/wp-json\/wp\/v2\/categories?post=5239"},{"taxonomy":"post_tag","embeddable":true,"href":"https:\/\/nutritotal.com.br\/pro\/wp-json\/wp\/v2\/tags?post=5239"},{"taxonomy":"divisao","embeddable":true,"href":"https:\/\/nutritotal.com.br\/pro\/wp-json\/wp\/v2\/divisao?post=5239"}],"curies":[{"name":"wp","href":"https:\/\/api.w.org\/{rel}","templated":true}]}}