
{"id":6115,"date":"2012-02-09T02:00:00","date_gmt":"2012-02-09T02:00:00","guid":{"rendered":"https:\/\/nutritotal.com.br\/pro?p=6115"},"modified":"2021-04-19T16:21:22","modified_gmt":"2021-04-19T19:21:22","slug":"carne-processada-esta-associada-com-desenvolvimento-de-diabetes","status":"publish","type":"post","link":"https:\/\/nutritotal.com.br\/pro\/carne-processada-esta-associada-com-desenvolvimento-de-diabetes\/","title":{"rendered":"Carne processada est\u00e1 associada com desenvolvimento de diabetes"},"content":{"rendered":"<p><img decoding=\"async\" src=\"https:\/\/nutritotal.com.br\/pro\/wp-content\/uploads\/2012\/02\/538-Linguica2editada.jpg\" \/><\/p>\n<p>Estudo publicado por pesquisadores da Universidade de Washington na revista The American Journal of Clinical Nutrition demonstrou que o consumo de carnes processadas foi associado com maior risco para o desenvolvimento de diabetes tipo 2.<\/p>\n<p>Trata-se de um estudo prospectivo que acompanhou 2001 indiv\u00edduos durante cinco anos, com o objetivo de avaliar a associa\u00e7\u00e3o entre o consumo habitual de carne processada (mortadela, salsicha, lingui\u00e7a, presunto, salame, entre outros) e carne vermelha no aumento da incid\u00eancia de diabetes.<\/p>\n<p>Os pesquisadores avaliaram a ingest\u00e3o diet\u00e9tica e o consumo habitual de alimentos durante o ano por meio de question\u00e1rio de frequ\u00eancia alimentar. A incid\u00eancia de diabetes foi definida com base nos crit\u00e9rios da American Diabetes Association (ADA) de 2003.<\/p>\n<p>Entre os 2001 participantes, 61% eram do sexo feminino e a idade m\u00e9dia foi de 35 anos. Ao final do estudo foram identificados 243 casos incidentes de diabetes. O consumo de carnes processadas foi elevado na popula\u00e7\u00e3o estudada, em que 68% dos avaliados (n=1367) consumiam cerca de duas por\u00e7\u00f5es de carne processada por semana. Por outro lado, apenas 0,8% (n=16) dos participantes relataram n\u00e3o consumirem qualquer tipo de carne processada, 13% (n=260) consumiam &lt;1 por\u00e7\u00e3o\/semana e 17,9% (n=358) consumiam 1-2 por\u00e7\u00f5es\/semana.<\/p>\n<p>Foi observado que o consumo acima de 11,4g de carne processada por dia, especialmente do tipo spam (spiced ham, no Brasil conhecido como fiambre) foi associada com maior risco para o desenvolvimento de diabetes (raz\u00e3o de chances [OR]: 1,63; intervalo de confian\u00e7a: 95%). No entanto, apesar de o consumo de carne vermelha n\u00e3o processada ser elevada (acima de 2 por\u00e7\u00f5es\/semana), n\u00e3o foi associado com maior incid\u00eancia de diabetes.<\/p>\n<p>Os pesquisadores sugerem alguns mecanismos biol\u00f3gicos que possam explicar esses resultados. As carnes processadas s\u00e3o ricas em aditivos e conservantes, incluindo o nitrato de s\u00f3dio, o que pode influenciar o risco de diabetes. As nitrosaminas presentes nesses tipos de alimento possuem efeito t\u00f3xico nas c\u00e9lulas beta do p\u00e2ncreas. Al\u00e9m disso, as carnes processadas tamb\u00e9m s\u00e3o ricas em produtos finais da glica\u00e7\u00e3o avan\u00e7ada e que est\u00e1 associada a um aumento de inflama\u00e7\u00e3o e estresse oxidativo. Estes \u00faltimos s\u00e3o fatores de risco para o desenvolvimento de diabetes. Outro aspecto importante \u00e9 que uma dieta rica em carnes processadas pode causar ganho de peso e obesidade, que tamb\u00e9m s\u00e3o fatores de risco para o\u00a0 diabetes.<\/p>\n<p>\u201cEste estudo contribui para as evid\u00eancias que identificam o papel importante da dieta como um fator determinante na incid\u00eancia de diabetes e sugere um alvo alimentar potencial para interven\u00e7\u00f5es, objetivando sua preven\u00e7\u00e3o\u201d, concluem os pesquisadores.<\/p>\n","protected":false},"excerpt":{"rendered":"<p>Estudo publicado por pesquisadores da Universidade de Washington na revista The American Journal of Clinical Nutrition demonstrou que o consumo de carnes processadas foi associado com maior risco para o desenvolvimento de diabetes tipo 2. Trata-se de um estudo prospectivo que acompanhou 2001 indiv\u00edduos durante cinco anos, com o objetivo de avaliar a associa\u00e7\u00e3o entre [&hellip;]<\/p>\n","protected":false},"author":44,"featured_media":6114,"comment_status":"open","ping_status":"open","sticky":false,"template":"","format":"standard","meta":{"_acf_changed":false,"footnotes":""},"categories":[1],"tags":[],"divisao":[2185,2186],"acf":[],"yoast_head":"<!-- This site is optimized with the Yoast SEO plugin v23.5 - https:\/\/yoast.com\/wordpress\/plugins\/seo\/ -->\n<title>Carne processada est\u00e1 associada com desenvolvimento de diabetes - Nutritotal PRO<\/title>\n<meta name=\"robots\" content=\"index, follow, max-snippet:-1, max-image-preview:large, max-video-preview:-1\" \/>\n<link rel=\"canonical\" href=\"https:\/\/nutritotal.com.br\/pro\/carne-processada-esta-associada-com-desenvolvimento-de-diabetes\/\" \/>\n<meta property=\"og:locale\" content=\"pt_BR\" \/>\n<meta property=\"og:type\" content=\"article\" \/>\n<meta property=\"og:title\" content=\"Carne processada est\u00e1 associada com desenvolvimento de diabetes - Nutritotal PRO\" \/>\n<meta property=\"og:description\" content=\"Estudo publicado por pesquisadores da Universidade de Washington na revista The American Journal of Clinical Nutrition demonstrou que o consumo de carnes processadas foi associado com maior risco para o desenvolvimento de diabetes tipo 2. Trata-se de um estudo prospectivo que acompanhou 2001 indiv\u00edduos durante cinco anos, com o objetivo de avaliar a associa\u00e7\u00e3o entre [&hellip;]\" \/>\n<meta property=\"og:url\" content=\"https:\/\/nutritotal.com.br\/pro\/carne-processada-esta-associada-com-desenvolvimento-de-diabetes\/\" \/>\n<meta property=\"og:site_name\" content=\"Nutritotal PRO\" \/>\n<meta property=\"article:publisher\" content=\"https:\/\/www.facebook.com\/nutritotalPRO\/\" \/>\n<meta property=\"article:published_time\" content=\"2012-02-09T02:00:00+00:00\" \/>\n<meta property=\"article:modified_time\" content=\"2021-04-19T19:21:22+00:00\" \/>\n<meta property=\"og:image\" content=\"https:\/\/nutritotal.com.br\/pro\/wp-content\/uploads\/2012\/02\/538-Linguica2editada.jpg\" \/>\n\t<meta property=\"og:image:width\" content=\"139\" \/>\n\t<meta property=\"og:image:height\" content=\"180\" \/>\n\t<meta property=\"og:image:type\" content=\"image\/jpeg\" \/>\n<meta name=\"author\" content=\"noticiasimportacao\" \/>\n<meta name=\"twitter:card\" content=\"summary_large_image\" \/>\n<meta name=\"twitter:label1\" content=\"Escrito por\" \/>\n\t<meta name=\"twitter:data1\" content=\"noticiasimportacao\" \/>\n\t<meta name=\"twitter:label2\" content=\"Est. tempo de leitura\" \/>\n\t<meta name=\"twitter:data2\" content=\"2 minutos\" \/>\n<script type=\"application\/ld+json\" class=\"yoast-schema-graph\">{\"@context\":\"https:\/\/schema.org\",\"@graph\":[{\"@type\":\"Article\",\"@id\":\"https:\/\/nutritotal.com.br\/pro\/carne-processada-esta-associada-com-desenvolvimento-de-diabetes\/#article\",\"isPartOf\":{\"@id\":\"https:\/\/nutritotal.com.br\/pro\/carne-processada-esta-associada-com-desenvolvimento-de-diabetes\/\"},\"author\":{\"name\":\"noticiasimportacao\",\"@id\":\"https:\/\/nutritotal.com.br\/pro\/#\/schema\/person\/570c1bd5e5a9e227971f2bc681cda85e\"},\"headline\":\"Carne processada est\u00e1 associada com desenvolvimento de diabetes\",\"datePublished\":\"2012-02-09T02:00:00+00:00\",\"dateModified\":\"2021-04-19T19:21:22+00:00\",\"mainEntityOfPage\":{\"@id\":\"https:\/\/nutritotal.com.br\/pro\/carne-processada-esta-associada-com-desenvolvimento-de-diabetes\/\"},\"wordCount\":449,\"commentCount\":0,\"publisher\":{\"@id\":\"https:\/\/nutritotal.com.br\/pro\/#organization\"},\"image\":{\"@id\":\"https:\/\/nutritotal.com.br\/pro\/carne-processada-esta-associada-com-desenvolvimento-de-diabetes\/#primaryimage\"},\"thumbnailUrl\":\"https:\/\/nutritotal.com.br\/pro\/wp-content\/uploads\/2012\/02\/538-Linguica2editada.jpg\",\"inLanguage\":\"pt-BR\",\"potentialAction\":[{\"@type\":\"CommentAction\",\"name\":\"Comment\",\"target\":[\"https:\/\/nutritotal.com.br\/pro\/carne-processada-esta-associada-com-desenvolvimento-de-diabetes\/#respond\"]}]},{\"@type\":\"WebPage\",\"@id\":\"https:\/\/nutritotal.com.br\/pro\/carne-processada-esta-associada-com-desenvolvimento-de-diabetes\/\",\"url\":\"https:\/\/nutritotal.com.br\/pro\/carne-processada-esta-associada-com-desenvolvimento-de-diabetes\/\",\"name\":\"Carne processada est\u00e1 associada com desenvolvimento de diabetes - Nutritotal PRO\",\"isPartOf\":{\"@id\":\"https:\/\/nutritotal.com.br\/pro\/#website\"},\"primaryImageOfPage\":{\"@id\":\"https:\/\/nutritotal.com.br\/pro\/carne-processada-esta-associada-com-desenvolvimento-de-diabetes\/#primaryimage\"},\"image\":{\"@id\":\"https:\/\/nutritotal.com.br\/pro\/carne-processada-esta-associada-com-desenvolvimento-de-diabetes\/#primaryimage\"},\"thumbnailUrl\":\"https:\/\/nutritotal.com.br\/pro\/wp-content\/uploads\/2012\/02\/538-Linguica2editada.jpg\",\"datePublished\":\"2012-02-09T02:00:00+00:00\",\"dateModified\":\"2021-04-19T19:21:22+00:00\",\"breadcrumb\":{\"@id\":\"https:\/\/nutritotal.com.br\/pro\/carne-processada-esta-associada-com-desenvolvimento-de-diabetes\/#breadcrumb\"},\"inLanguage\":\"pt-BR\",\"potentialAction\":[{\"@type\":\"ReadAction\",\"target\":[\"https:\/\/nutritotal.com.br\/pro\/carne-processada-esta-associada-com-desenvolvimento-de-diabetes\/\"]}]},{\"@type\":\"ImageObject\",\"inLanguage\":\"pt-BR\",\"@id\":\"https:\/\/nutritotal.com.br\/pro\/carne-processada-esta-associada-com-desenvolvimento-de-diabetes\/#primaryimage\",\"url\":\"https:\/\/nutritotal.com.br\/pro\/wp-content\/uploads\/2012\/02\/538-Linguica2editada.jpg\",\"contentUrl\":\"https:\/\/nutritotal.com.br\/pro\/wp-content\/uploads\/2012\/02\/538-Linguica2editada.jpg\",\"width\":139,\"height\":180},{\"@type\":\"BreadcrumbList\",\"@id\":\"https:\/\/nutritotal.com.br\/pro\/carne-processada-esta-associada-com-desenvolvimento-de-diabetes\/#breadcrumb\",\"itemListElement\":[{\"@type\":\"ListItem\",\"position\":1,\"name\":\"Home\",\"item\":\"https:\/\/nutritotal.com.br\/pro\/\"},{\"@type\":\"ListItem\",\"position\":2,\"name\":\"Carne processada est\u00e1 associada com desenvolvimento de diabetes\"}]},{\"@type\":\"WebSite\",\"@id\":\"https:\/\/nutritotal.com.br\/pro\/#website\",\"url\":\"https:\/\/nutritotal.com.br\/pro\/\",\"name\":\"Nutritotal PRO\",\"description\":\"\",\"publisher\":{\"@id\":\"https:\/\/nutritotal.com.br\/pro\/#organization\"},\"potentialAction\":[{\"@type\":\"SearchAction\",\"target\":{\"@type\":\"EntryPoint\",\"urlTemplate\":\"https:\/\/nutritotal.com.br\/pro\/?s={search_term_string}\"},\"query-input\":{\"@type\":\"PropertyValueSpecification\",\"valueRequired\":true,\"valueName\":\"search_term_string\"}}],\"inLanguage\":\"pt-BR\"},{\"@type\":\"Organization\",\"@id\":\"https:\/\/nutritotal.com.br\/pro\/#organization\",\"name\":\"Nutri Total\",\"url\":\"https:\/\/nutritotal.com.br\/pro\/\",\"logo\":{\"@type\":\"ImageObject\",\"inLanguage\":\"pt-BR\",\"@id\":\"https:\/\/nutritotal.com.br\/pro\/#\/schema\/logo\/image\/\",\"url\":\"https:\/\/nutritotal.com.br\/pro\/wp-content\/uploads\/2022\/12\/Nutritotal-Pro-Vertical-02.png\",\"contentUrl\":\"https:\/\/nutritotal.com.br\/pro\/wp-content\/uploads\/2022\/12\/Nutritotal-Pro-Vertical-02.png\",\"width\":426,\"height\":426,\"caption\":\"Nutri Total\"},\"image\":{\"@id\":\"https:\/\/nutritotal.com.br\/pro\/#\/schema\/logo\/image\/\"},\"sameAs\":[\"https:\/\/www.facebook.com\/nutritotalPRO\/\",\"https:\/\/www.instagram.com\/nutritotalpro\/\",\"https:\/\/www.youtube.com\/channel\/UCf01IyXkHLYUDGG0-XHR-YA\"]},{\"@type\":\"Person\",\"@id\":\"https:\/\/nutritotal.com.br\/pro\/#\/schema\/person\/570c1bd5e5a9e227971f2bc681cda85e\",\"name\":\"noticiasimportacao\",\"image\":{\"@type\":\"ImageObject\",\"inLanguage\":\"pt-BR\",\"@id\":\"https:\/\/nutritotal.com.br\/pro\/#\/schema\/person\/image\/\",\"url\":\"https:\/\/secure.gravatar.com\/avatar\/0406650f831be9c74ae59891e45b9ea4?s=96&d=mm&r=g\",\"contentUrl\":\"https:\/\/secure.gravatar.com\/avatar\/0406650f831be9c74ae59891e45b9ea4?s=96&d=mm&r=g\",\"caption\":\"noticiasimportacao\"},\"url\":\"https:\/\/nutritotal.com.br\/pro\/author\/noticiasimportacao\/\"}]}<\/script>\n<!-- \/ Yoast SEO plugin. -->","yoast_head_json":{"title":"Carne processada est\u00e1 associada com desenvolvimento de diabetes - Nutritotal PRO","robots":{"index":"index","follow":"follow","max-snippet":"max-snippet:-1","max-image-preview":"max-image-preview:large","max-video-preview":"max-video-preview:-1"},"canonical":"https:\/\/nutritotal.com.br\/pro\/carne-processada-esta-associada-com-desenvolvimento-de-diabetes\/","og_locale":"pt_BR","og_type":"article","og_title":"Carne processada est\u00e1 associada com desenvolvimento de diabetes - Nutritotal PRO","og_description":"Estudo publicado por pesquisadores da Universidade de Washington na revista The American Journal of Clinical Nutrition demonstrou que o consumo de carnes processadas foi associado com maior risco para o desenvolvimento de diabetes tipo 2. Trata-se de um estudo prospectivo que acompanhou 2001 indiv\u00edduos durante cinco anos, com o objetivo de avaliar a associa\u00e7\u00e3o entre [&hellip;]","og_url":"https:\/\/nutritotal.com.br\/pro\/carne-processada-esta-associada-com-desenvolvimento-de-diabetes\/","og_site_name":"Nutritotal PRO","article_publisher":"https:\/\/www.facebook.com\/nutritotalPRO\/","article_published_time":"2012-02-09T02:00:00+00:00","article_modified_time":"2021-04-19T19:21:22+00:00","og_image":[{"width":139,"height":180,"url":"https:\/\/nutritotal.com.br\/pro\/wp-content\/uploads\/2012\/02\/538-Linguica2editada.jpg","type":"image\/jpeg"}],"author":"noticiasimportacao","twitter_card":"summary_large_image","twitter_misc":{"Escrito por":"noticiasimportacao","Est. tempo de leitura":"2 minutos"},"schema":{"@context":"https:\/\/schema.org","@graph":[{"@type":"Article","@id":"https:\/\/nutritotal.com.br\/pro\/carne-processada-esta-associada-com-desenvolvimento-de-diabetes\/#article","isPartOf":{"@id":"https:\/\/nutritotal.com.br\/pro\/carne-processada-esta-associada-com-desenvolvimento-de-diabetes\/"},"author":{"name":"noticiasimportacao","@id":"https:\/\/nutritotal.com.br\/pro\/#\/schema\/person\/570c1bd5e5a9e227971f2bc681cda85e"},"headline":"Carne processada est\u00e1 associada com desenvolvimento de diabetes","datePublished":"2012-02-09T02:00:00+00:00","dateModified":"2021-04-19T19:21:22+00:00","mainEntityOfPage":{"@id":"https:\/\/nutritotal.com.br\/pro\/carne-processada-esta-associada-com-desenvolvimento-de-diabetes\/"},"wordCount":449,"commentCount":0,"publisher":{"@id":"https:\/\/nutritotal.com.br\/pro\/#organization"},"image":{"@id":"https:\/\/nutritotal.com.br\/pro\/carne-processada-esta-associada-com-desenvolvimento-de-diabetes\/#primaryimage"},"thumbnailUrl":"https:\/\/nutritotal.com.br\/pro\/wp-content\/uploads\/2012\/02\/538-Linguica2editada.jpg","inLanguage":"pt-BR","potentialAction":[{"@type":"CommentAction","name":"Comment","target":["https:\/\/nutritotal.com.br\/pro\/carne-processada-esta-associada-com-desenvolvimento-de-diabetes\/#respond"]}]},{"@type":"WebPage","@id":"https:\/\/nutritotal.com.br\/pro\/carne-processada-esta-associada-com-desenvolvimento-de-diabetes\/","url":"https:\/\/nutritotal.com.br\/pro\/carne-processada-esta-associada-com-desenvolvimento-de-diabetes\/","name":"Carne processada est\u00e1 associada com desenvolvimento de diabetes - Nutritotal PRO","isPartOf":{"@id":"https:\/\/nutritotal.com.br\/pro\/#website"},"primaryImageOfPage":{"@id":"https:\/\/nutritotal.com.br\/pro\/carne-processada-esta-associada-com-desenvolvimento-de-diabetes\/#primaryimage"},"image":{"@id":"https:\/\/nutritotal.com.br\/pro\/carne-processada-esta-associada-com-desenvolvimento-de-diabetes\/#primaryimage"},"thumbnailUrl":"https:\/\/nutritotal.com.br\/pro\/wp-content\/uploads\/2012\/02\/538-Linguica2editada.jpg","datePublished":"2012-02-09T02:00:00+00:00","dateModified":"2021-04-19T19:21:22+00:00","breadcrumb":{"@id":"https:\/\/nutritotal.com.br\/pro\/carne-processada-esta-associada-com-desenvolvimento-de-diabetes\/#breadcrumb"},"inLanguage":"pt-BR","potentialAction":[{"@type":"ReadAction","target":["https:\/\/nutritotal.com.br\/pro\/carne-processada-esta-associada-com-desenvolvimento-de-diabetes\/"]}]},{"@type":"ImageObject","inLanguage":"pt-BR","@id":"https:\/\/nutritotal.com.br\/pro\/carne-processada-esta-associada-com-desenvolvimento-de-diabetes\/#primaryimage","url":"https:\/\/nutritotal.com.br\/pro\/wp-content\/uploads\/2012\/02\/538-Linguica2editada.jpg","contentUrl":"https:\/\/nutritotal.com.br\/pro\/wp-content\/uploads\/2012\/02\/538-Linguica2editada.jpg","width":139,"height":180},{"@type":"BreadcrumbList","@id":"https:\/\/nutritotal.com.br\/pro\/carne-processada-esta-associada-com-desenvolvimento-de-diabetes\/#breadcrumb","itemListElement":[{"@type":"ListItem","position":1,"name":"Home","item":"https:\/\/nutritotal.com.br\/pro\/"},{"@type":"ListItem","position":2,"name":"Carne processada est\u00e1 associada com desenvolvimento de diabetes"}]},{"@type":"WebSite","@id":"https:\/\/nutritotal.com.br\/pro\/#website","url":"https:\/\/nutritotal.com.br\/pro\/","name":"Nutritotal PRO","description":"","publisher":{"@id":"https:\/\/nutritotal.com.br\/pro\/#organization"},"potentialAction":[{"@type":"SearchAction","target":{"@type":"EntryPoint","urlTemplate":"https:\/\/nutritotal.com.br\/pro\/?s={search_term_string}"},"query-input":{"@type":"PropertyValueSpecification","valueRequired":true,"valueName":"search_term_string"}}],"inLanguage":"pt-BR"},{"@type":"Organization","@id":"https:\/\/nutritotal.com.br\/pro\/#organization","name":"Nutri Total","url":"https:\/\/nutritotal.com.br\/pro\/","logo":{"@type":"ImageObject","inLanguage":"pt-BR","@id":"https:\/\/nutritotal.com.br\/pro\/#\/schema\/logo\/image\/","url":"https:\/\/nutritotal.com.br\/pro\/wp-content\/uploads\/2022\/12\/Nutritotal-Pro-Vertical-02.png","contentUrl":"https:\/\/nutritotal.com.br\/pro\/wp-content\/uploads\/2022\/12\/Nutritotal-Pro-Vertical-02.png","width":426,"height":426,"caption":"Nutri Total"},"image":{"@id":"https:\/\/nutritotal.com.br\/pro\/#\/schema\/logo\/image\/"},"sameAs":["https:\/\/www.facebook.com\/nutritotalPRO\/","https:\/\/www.instagram.com\/nutritotalpro\/","https:\/\/www.youtube.com\/channel\/UCf01IyXkHLYUDGG0-XHR-YA"]},{"@type":"Person","@id":"https:\/\/nutritotal.com.br\/pro\/#\/schema\/person\/570c1bd5e5a9e227971f2bc681cda85e","name":"noticiasimportacao","image":{"@type":"ImageObject","inLanguage":"pt-BR","@id":"https:\/\/nutritotal.com.br\/pro\/#\/schema\/person\/image\/","url":"https:\/\/secure.gravatar.com\/avatar\/0406650f831be9c74ae59891e45b9ea4?s=96&d=mm&r=g","contentUrl":"https:\/\/secure.gravatar.com\/avatar\/0406650f831be9c74ae59891e45b9ea4?s=96&d=mm&r=g","caption":"noticiasimportacao"},"url":"https:\/\/nutritotal.com.br\/pro\/author\/noticiasimportacao\/"}]}},"views":839,"amp_enabled":true,"_links":{"self":[{"href":"https:\/\/nutritotal.com.br\/pro\/wp-json\/wp\/v2\/posts\/6115"}],"collection":[{"href":"https:\/\/nutritotal.com.br\/pro\/wp-json\/wp\/v2\/posts"}],"about":[{"href":"https:\/\/nutritotal.com.br\/pro\/wp-json\/wp\/v2\/types\/post"}],"author":[{"embeddable":true,"href":"https:\/\/nutritotal.com.br\/pro\/wp-json\/wp\/v2\/users\/44"}],"replies":[{"embeddable":true,"href":"https:\/\/nutritotal.com.br\/pro\/wp-json\/wp\/v2\/comments?post=6115"}],"version-history":[{"count":0,"href":"https:\/\/nutritotal.com.br\/pro\/wp-json\/wp\/v2\/posts\/6115\/revisions"}],"wp:featuredmedia":[{"embeddable":true,"href":"https:\/\/nutritotal.com.br\/pro\/wp-json\/wp\/v2\/media\/6114"}],"wp:attachment":[{"href":"https:\/\/nutritotal.com.br\/pro\/wp-json\/wp\/v2\/media?parent=6115"}],"wp:term":[{"taxonomy":"category","embeddable":true,"href":"https:\/\/nutritotal.com.br\/pro\/wp-json\/wp\/v2\/categories?post=6115"},{"taxonomy":"post_tag","embeddable":true,"href":"https:\/\/nutritotal.com.br\/pro\/wp-json\/wp\/v2\/tags?post=6115"},{"taxonomy":"divisao","embeddable":true,"href":"https:\/\/nutritotal.com.br\/pro\/wp-json\/wp\/v2\/divisao?post=6115"}],"curies":[{"name":"wp","href":"https:\/\/api.w.org\/{rel}","templated":true}]}}