
{"id":6157,"date":"2011-09-15T03:00:00","date_gmt":"2011-09-15T03:00:00","guid":{"rendered":"https:\/\/nutritotal.com.br\/pro?p=6157"},"modified":"2022-04-20T16:11:48","modified_gmt":"2022-04-20T19:11:48","slug":"minista-rio-da-saaode-incentiva-o-consumo-de-pescados","status":"publish","type":"post","link":"https:\/\/nutritotal.com.br\/pro\/minista-rio-da-saaode-incentiva-o-consumo-de-pescados\/","title":{"rendered":"Minist\u00e9rio da Sa\u00fade incentiva o consumo de pescados"},"content":{"rendered":"<p><img decoding=\"async\" src=\"https:\/\/nutritotal.com.br\/pro\/wp-content\/uploads\/2011\/09\/519-semanapescados.jpg\" \/><\/p>\n<p>Foi lan\u00e7ada pelo Minist\u00e9rio da Sa\u00fade e Minist\u00e9rio da Pesca e Aquicultura a campanha que tem o objetivo de incentivar o consumo de pescados pelos brasileiros como parte de uma alimenta\u00e7\u00e3o saud\u00e1vel. A campanha foi lan\u00e7ada para a 8\u00aa Semana do Peixe, que ocorre entre os dias 11 e 24 de setembro, com o tema \u201cInclua pescado na sua alimenta\u00e7\u00e3o: \u00e9 gostoso e faz bem para a sa\u00fade\u201d.<\/p>\n<p>A Ag\u00eancia Nacional de Vigil\u00e2ncia Sanit\u00e1ria (Anvisa) tamb\u00e9m apoia o evento, bem como a Associa\u00e7\u00e3o Brasileira de Supermercados (Abras) e Associa\u00e7\u00e3o Brasileira de Bares e Restaurantes (Abrasel) que ir\u00e3o coordenar a\u00e7\u00f5es de incentivo ao consumo de pescados por seus afiliados.<\/p>\n<p>Segundo a Pesquisa de Or\u00e7amentos Familiares (POF) de 2008\/2009, o consumo anual de peixe pelo brasileiro \u00e9 de 9 kg. A quantidade recomendada pela Organiza\u00e7\u00e3o Mundial de Sa\u00fade (OMS) \u00e9 de 12 kg de pescado por habitante\/ano. Patr\u00edcia Jaime, coordenadora-geral de Alimenta\u00e7\u00e3o e Nutri\u00e7\u00e3o do Minist\u00e9rio da Sa\u00fade, revela que nesta pesquisa o percentual de indiv\u00edduos que reportaram a ingest\u00e3o de pescado, pelo menos uma vez na semana, foi de 6,4% e somente 10,8% declaram o consumo fora do domic\u00edlio. \u201cPrecisamos estimular as pessoas a se alimentarem melhor. O peixe traz in\u00fameros benef\u00edcios para a sa\u00fade, mas para abastecer o mercado e torn\u00e1-lo acess\u00edvel para todos, \u00e9 necess\u00e1rio ordenar e fomentar a aquicultura, visando o aumento da produ\u00e7\u00e3o e oferta de alimentos\u201d, destaca. Por este motivo, o Guia Alimentar para a Popula\u00e7\u00e3o Brasileira, do Minist\u00e9rio da Sa\u00fade, recomenda o consumo de peixe fresco pelo menos duas vezes por semana.<\/p>\n<p>Assim, para aumentar o consumo durante a Semana do Peixe ser\u00e3o distribu\u00eddas cartilhas com informa\u00e7\u00f5es sobre os benef\u00edcios do consumo de pescados para a sa\u00fade, orienta\u00e7\u00f5es sobre como verificar a qualidade do produto na hora da compra e quais devem ser os cuidados na higieniza\u00e7\u00e3o. Al\u00e9m disso, a cartilha cont\u00e9m receitas regionais, nutricionalmente adequadas, que promovem a redu\u00e7\u00e3o de sal e gordura. Cartazes ser\u00e3o fixados em bares, restaurantes, supermercados participantes da campanha e os produtos ligados \u00e0 Semana do Peixe receber\u00e3o exposi\u00e7\u00e3o e sinaliza\u00e7\u00e3o diferenciadas nos supermercados.<\/p>\n<p><a href=\"https:\/\/www.gov.br\/saude\/pt-br\">Clique aqui para acessar o conte\u00fado da cartilha com orienta\u00e7\u00f5es sobre a compra e modo de preparo dos pescados.<\/a><\/p>\n<p>Leia mais:<\/p>\n<p><a href=\"http:\/\/www.nutritotal.com.br\/notas\/?acao=bu&amp;id=436target=_blank\">Os efeitos do consumo de peixes e carnes na dem\u00eancia<\/a><\/p>\n<p><a href=\"http:\/\/www.nutritotal.com.br\/tabelas\/?acao=bu&amp;id=86&amp;categoria=2target=_blank\">Composi\u00e7\u00e3o nutricional de uma variedade de peixes<\/a><\/p>\n<p><a href=\"http:\/\/www.nutritotal.com.br\/publicacoes\/index.phptarget=_blank\">Cartilha elaborada para campanha da semana do peixe em 2009<\/a><\/p>\n","protected":false},"excerpt":{"rendered":"<p>Foi lan\u00e7ada pelo Minist\u00e9rio da Sa\u00fade e Minist\u00e9rio da Pesca e Aquicultura a campanha que tem o objetivo de incentivar o consumo de pescados pelos brasileiros como parte de uma alimenta\u00e7\u00e3o saud\u00e1vel. A campanha foi lan\u00e7ada para a 8\u00aa Semana do Peixe, que ocorre entre os dias 11 e 24 de setembro, com o tema [&hellip;]<\/p>\n","protected":false},"author":44,"featured_media":6156,"comment_status":"open","ping_status":"open","sticky":false,"template":"","format":"standard","meta":{"_acf_changed":false,"footnotes":""},"categories":[1],"tags":[],"divisao":[2186],"acf":[],"yoast_head":"<!-- This site is optimized with the Yoast SEO plugin v23.5 - https:\/\/yoast.com\/wordpress\/plugins\/seo\/ -->\n<title>Minist\u00e9rio da Sa\u00fade incentiva o consumo de pescados - Nutritotal PRO<\/title>\n<meta name=\"robots\" content=\"index, follow, max-snippet:-1, max-image-preview:large, max-video-preview:-1\" \/>\n<link rel=\"canonical\" href=\"https:\/\/nutritotal.com.br\/pro\/minista-rio-da-saaode-incentiva-o-consumo-de-pescados\/\" \/>\n<meta property=\"og:locale\" content=\"pt_BR\" \/>\n<meta property=\"og:type\" content=\"article\" \/>\n<meta property=\"og:title\" content=\"Minist\u00e9rio da Sa\u00fade incentiva o consumo de pescados - Nutritotal PRO\" \/>\n<meta property=\"og:description\" content=\"Foi lan\u00e7ada pelo Minist\u00e9rio da Sa\u00fade e Minist\u00e9rio da Pesca e Aquicultura a campanha que tem o objetivo de incentivar o consumo de pescados pelos brasileiros como parte de uma alimenta\u00e7\u00e3o saud\u00e1vel. A campanha foi lan\u00e7ada para a 8\u00aa Semana do Peixe, que ocorre entre os dias 11 e 24 de setembro, com o tema [&hellip;]\" \/>\n<meta property=\"og:url\" content=\"https:\/\/nutritotal.com.br\/pro\/minista-rio-da-saaode-incentiva-o-consumo-de-pescados\/\" \/>\n<meta property=\"og:site_name\" content=\"Nutritotal PRO\" \/>\n<meta property=\"article:publisher\" content=\"https:\/\/www.facebook.com\/nutritotalPRO\/\" \/>\n<meta property=\"article:published_time\" content=\"2011-09-15T03:00:00+00:00\" \/>\n<meta property=\"article:modified_time\" content=\"2022-04-20T19:11:48+00:00\" \/>\n<meta property=\"og:image\" content=\"https:\/\/nutritotal.com.br\/pro\/wp-content\/uploads\/2011\/09\/519-semanapescados.jpg\" \/>\n\t<meta property=\"og:image:width\" content=\"150\" \/>\n\t<meta property=\"og:image:height\" content=\"113\" \/>\n\t<meta property=\"og:image:type\" content=\"image\/jpeg\" \/>\n<meta name=\"author\" content=\"noticiasimportacao\" \/>\n<meta name=\"twitter:card\" content=\"summary_large_image\" \/>\n<meta name=\"twitter:label1\" content=\"Escrito por\" \/>\n\t<meta name=\"twitter:data1\" content=\"noticiasimportacao\" \/>\n\t<meta name=\"twitter:label2\" content=\"Est. tempo de leitura\" \/>\n\t<meta name=\"twitter:data2\" content=\"2 minutos\" \/>\n<script type=\"application\/ld+json\" class=\"yoast-schema-graph\">{\"@context\":\"https:\/\/schema.org\",\"@graph\":[{\"@type\":\"Article\",\"@id\":\"https:\/\/nutritotal.com.br\/pro\/minista-rio-da-saaode-incentiva-o-consumo-de-pescados\/#article\",\"isPartOf\":{\"@id\":\"https:\/\/nutritotal.com.br\/pro\/minista-rio-da-saaode-incentiva-o-consumo-de-pescados\/\"},\"author\":{\"name\":\"noticiasimportacao\",\"@id\":\"https:\/\/nutritotal.com.br\/pro\/#\/schema\/person\/570c1bd5e5a9e227971f2bc681cda85e\"},\"headline\":\"Minist\u00e9rio da Sa\u00fade incentiva o consumo de pescados\",\"datePublished\":\"2011-09-15T03:00:00+00:00\",\"dateModified\":\"2022-04-20T19:11:48+00:00\",\"mainEntityOfPage\":{\"@id\":\"https:\/\/nutritotal.com.br\/pro\/minista-rio-da-saaode-incentiva-o-consumo-de-pescados\/\"},\"wordCount\":445,\"commentCount\":0,\"publisher\":{\"@id\":\"https:\/\/nutritotal.com.br\/pro\/#organization\"},\"image\":{\"@id\":\"https:\/\/nutritotal.com.br\/pro\/minista-rio-da-saaode-incentiva-o-consumo-de-pescados\/#primaryimage\"},\"thumbnailUrl\":\"https:\/\/nutritotal.com.br\/pro\/wp-content\/uploads\/2011\/09\/519-semanapescados.jpg\",\"inLanguage\":\"pt-BR\",\"potentialAction\":[{\"@type\":\"CommentAction\",\"name\":\"Comment\",\"target\":[\"https:\/\/nutritotal.com.br\/pro\/minista-rio-da-saaode-incentiva-o-consumo-de-pescados\/#respond\"]}]},{\"@type\":\"WebPage\",\"@id\":\"https:\/\/nutritotal.com.br\/pro\/minista-rio-da-saaode-incentiva-o-consumo-de-pescados\/\",\"url\":\"https:\/\/nutritotal.com.br\/pro\/minista-rio-da-saaode-incentiva-o-consumo-de-pescados\/\",\"name\":\"Minist\u00e9rio da Sa\u00fade incentiva o consumo de pescados - Nutritotal PRO\",\"isPartOf\":{\"@id\":\"https:\/\/nutritotal.com.br\/pro\/#website\"},\"primaryImageOfPage\":{\"@id\":\"https:\/\/nutritotal.com.br\/pro\/minista-rio-da-saaode-incentiva-o-consumo-de-pescados\/#primaryimage\"},\"image\":{\"@id\":\"https:\/\/nutritotal.com.br\/pro\/minista-rio-da-saaode-incentiva-o-consumo-de-pescados\/#primaryimage\"},\"thumbnailUrl\":\"https:\/\/nutritotal.com.br\/pro\/wp-content\/uploads\/2011\/09\/519-semanapescados.jpg\",\"datePublished\":\"2011-09-15T03:00:00+00:00\",\"dateModified\":\"2022-04-20T19:11:48+00:00\",\"breadcrumb\":{\"@id\":\"https:\/\/nutritotal.com.br\/pro\/minista-rio-da-saaode-incentiva-o-consumo-de-pescados\/#breadcrumb\"},\"inLanguage\":\"pt-BR\",\"potentialAction\":[{\"@type\":\"ReadAction\",\"target\":[\"https:\/\/nutritotal.com.br\/pro\/minista-rio-da-saaode-incentiva-o-consumo-de-pescados\/\"]}]},{\"@type\":\"ImageObject\",\"inLanguage\":\"pt-BR\",\"@id\":\"https:\/\/nutritotal.com.br\/pro\/minista-rio-da-saaode-incentiva-o-consumo-de-pescados\/#primaryimage\",\"url\":\"https:\/\/nutritotal.com.br\/pro\/wp-content\/uploads\/2011\/09\/519-semanapescados.jpg\",\"contentUrl\":\"https:\/\/nutritotal.com.br\/pro\/wp-content\/uploads\/2011\/09\/519-semanapescados.jpg\",\"width\":150,\"height\":113},{\"@type\":\"BreadcrumbList\",\"@id\":\"https:\/\/nutritotal.com.br\/pro\/minista-rio-da-saaode-incentiva-o-consumo-de-pescados\/#breadcrumb\",\"itemListElement\":[{\"@type\":\"ListItem\",\"position\":1,\"name\":\"Home\",\"item\":\"https:\/\/nutritotal.com.br\/pro\/\"},{\"@type\":\"ListItem\",\"position\":2,\"name\":\"Minist\u00e9rio da Sa\u00fade incentiva o consumo de pescados\"}]},{\"@type\":\"WebSite\",\"@id\":\"https:\/\/nutritotal.com.br\/pro\/#website\",\"url\":\"https:\/\/nutritotal.com.br\/pro\/\",\"name\":\"Nutritotal PRO\",\"description\":\"\",\"publisher\":{\"@id\":\"https:\/\/nutritotal.com.br\/pro\/#organization\"},\"potentialAction\":[{\"@type\":\"SearchAction\",\"target\":{\"@type\":\"EntryPoint\",\"urlTemplate\":\"https:\/\/nutritotal.com.br\/pro\/?s={search_term_string}\"},\"query-input\":{\"@type\":\"PropertyValueSpecification\",\"valueRequired\":true,\"valueName\":\"search_term_string\"}}],\"inLanguage\":\"pt-BR\"},{\"@type\":\"Organization\",\"@id\":\"https:\/\/nutritotal.com.br\/pro\/#organization\",\"name\":\"Nutri Total\",\"url\":\"https:\/\/nutritotal.com.br\/pro\/\",\"logo\":{\"@type\":\"ImageObject\",\"inLanguage\":\"pt-BR\",\"@id\":\"https:\/\/nutritotal.com.br\/pro\/#\/schema\/logo\/image\/\",\"url\":\"https:\/\/nutritotal.com.br\/pro\/wp-content\/uploads\/2022\/12\/Nutritotal-Pro-Vertical-02.png\",\"contentUrl\":\"https:\/\/nutritotal.com.br\/pro\/wp-content\/uploads\/2022\/12\/Nutritotal-Pro-Vertical-02.png\",\"width\":426,\"height\":426,\"caption\":\"Nutri Total\"},\"image\":{\"@id\":\"https:\/\/nutritotal.com.br\/pro\/#\/schema\/logo\/image\/\"},\"sameAs\":[\"https:\/\/www.facebook.com\/nutritotalPRO\/\",\"https:\/\/www.instagram.com\/nutritotalpro\/\",\"https:\/\/www.youtube.com\/channel\/UCf01IyXkHLYUDGG0-XHR-YA\"]},{\"@type\":\"Person\",\"@id\":\"https:\/\/nutritotal.com.br\/pro\/#\/schema\/person\/570c1bd5e5a9e227971f2bc681cda85e\",\"name\":\"noticiasimportacao\",\"image\":{\"@type\":\"ImageObject\",\"inLanguage\":\"pt-BR\",\"@id\":\"https:\/\/nutritotal.com.br\/pro\/#\/schema\/person\/image\/\",\"url\":\"https:\/\/secure.gravatar.com\/avatar\/0406650f831be9c74ae59891e45b9ea4?s=96&d=mm&r=g\",\"contentUrl\":\"https:\/\/secure.gravatar.com\/avatar\/0406650f831be9c74ae59891e45b9ea4?s=96&d=mm&r=g\",\"caption\":\"noticiasimportacao\"},\"url\":\"https:\/\/nutritotal.com.br\/pro\/author\/noticiasimportacao\/\"}]}<\/script>\n<!-- \/ Yoast SEO plugin. -->","yoast_head_json":{"title":"Minist\u00e9rio da Sa\u00fade incentiva o consumo de pescados - Nutritotal PRO","robots":{"index":"index","follow":"follow","max-snippet":"max-snippet:-1","max-image-preview":"max-image-preview:large","max-video-preview":"max-video-preview:-1"},"canonical":"https:\/\/nutritotal.com.br\/pro\/minista-rio-da-saaode-incentiva-o-consumo-de-pescados\/","og_locale":"pt_BR","og_type":"article","og_title":"Minist\u00e9rio da Sa\u00fade incentiva o consumo de pescados - Nutritotal PRO","og_description":"Foi lan\u00e7ada pelo Minist\u00e9rio da Sa\u00fade e Minist\u00e9rio da Pesca e Aquicultura a campanha que tem o objetivo de incentivar o consumo de pescados pelos brasileiros como parte de uma alimenta\u00e7\u00e3o saud\u00e1vel. A campanha foi lan\u00e7ada para a 8\u00aa Semana do Peixe, que ocorre entre os dias 11 e 24 de setembro, com o tema [&hellip;]","og_url":"https:\/\/nutritotal.com.br\/pro\/minista-rio-da-saaode-incentiva-o-consumo-de-pescados\/","og_site_name":"Nutritotal PRO","article_publisher":"https:\/\/www.facebook.com\/nutritotalPRO\/","article_published_time":"2011-09-15T03:00:00+00:00","article_modified_time":"2022-04-20T19:11:48+00:00","og_image":[{"width":150,"height":113,"url":"https:\/\/nutritotal.com.br\/pro\/wp-content\/uploads\/2011\/09\/519-semanapescados.jpg","type":"image\/jpeg"}],"author":"noticiasimportacao","twitter_card":"summary_large_image","twitter_misc":{"Escrito por":"noticiasimportacao","Est. tempo de leitura":"2 minutos"},"schema":{"@context":"https:\/\/schema.org","@graph":[{"@type":"Article","@id":"https:\/\/nutritotal.com.br\/pro\/minista-rio-da-saaode-incentiva-o-consumo-de-pescados\/#article","isPartOf":{"@id":"https:\/\/nutritotal.com.br\/pro\/minista-rio-da-saaode-incentiva-o-consumo-de-pescados\/"},"author":{"name":"noticiasimportacao","@id":"https:\/\/nutritotal.com.br\/pro\/#\/schema\/person\/570c1bd5e5a9e227971f2bc681cda85e"},"headline":"Minist\u00e9rio da Sa\u00fade incentiva o consumo de pescados","datePublished":"2011-09-15T03:00:00+00:00","dateModified":"2022-04-20T19:11:48+00:00","mainEntityOfPage":{"@id":"https:\/\/nutritotal.com.br\/pro\/minista-rio-da-saaode-incentiva-o-consumo-de-pescados\/"},"wordCount":445,"commentCount":0,"publisher":{"@id":"https:\/\/nutritotal.com.br\/pro\/#organization"},"image":{"@id":"https:\/\/nutritotal.com.br\/pro\/minista-rio-da-saaode-incentiva-o-consumo-de-pescados\/#primaryimage"},"thumbnailUrl":"https:\/\/nutritotal.com.br\/pro\/wp-content\/uploads\/2011\/09\/519-semanapescados.jpg","inLanguage":"pt-BR","potentialAction":[{"@type":"CommentAction","name":"Comment","target":["https:\/\/nutritotal.com.br\/pro\/minista-rio-da-saaode-incentiva-o-consumo-de-pescados\/#respond"]}]},{"@type":"WebPage","@id":"https:\/\/nutritotal.com.br\/pro\/minista-rio-da-saaode-incentiva-o-consumo-de-pescados\/","url":"https:\/\/nutritotal.com.br\/pro\/minista-rio-da-saaode-incentiva-o-consumo-de-pescados\/","name":"Minist\u00e9rio da Sa\u00fade incentiva o consumo de pescados - Nutritotal PRO","isPartOf":{"@id":"https:\/\/nutritotal.com.br\/pro\/#website"},"primaryImageOfPage":{"@id":"https:\/\/nutritotal.com.br\/pro\/minista-rio-da-saaode-incentiva-o-consumo-de-pescados\/#primaryimage"},"image":{"@id":"https:\/\/nutritotal.com.br\/pro\/minista-rio-da-saaode-incentiva-o-consumo-de-pescados\/#primaryimage"},"thumbnailUrl":"https:\/\/nutritotal.com.br\/pro\/wp-content\/uploads\/2011\/09\/519-semanapescados.jpg","datePublished":"2011-09-15T03:00:00+00:00","dateModified":"2022-04-20T19:11:48+00:00","breadcrumb":{"@id":"https:\/\/nutritotal.com.br\/pro\/minista-rio-da-saaode-incentiva-o-consumo-de-pescados\/#breadcrumb"},"inLanguage":"pt-BR","potentialAction":[{"@type":"ReadAction","target":["https:\/\/nutritotal.com.br\/pro\/minista-rio-da-saaode-incentiva-o-consumo-de-pescados\/"]}]},{"@type":"ImageObject","inLanguage":"pt-BR","@id":"https:\/\/nutritotal.com.br\/pro\/minista-rio-da-saaode-incentiva-o-consumo-de-pescados\/#primaryimage","url":"https:\/\/nutritotal.com.br\/pro\/wp-content\/uploads\/2011\/09\/519-semanapescados.jpg","contentUrl":"https:\/\/nutritotal.com.br\/pro\/wp-content\/uploads\/2011\/09\/519-semanapescados.jpg","width":150,"height":113},{"@type":"BreadcrumbList","@id":"https:\/\/nutritotal.com.br\/pro\/minista-rio-da-saaode-incentiva-o-consumo-de-pescados\/#breadcrumb","itemListElement":[{"@type":"ListItem","position":1,"name":"Home","item":"https:\/\/nutritotal.com.br\/pro\/"},{"@type":"ListItem","position":2,"name":"Minist\u00e9rio da Sa\u00fade incentiva o consumo de pescados"}]},{"@type":"WebSite","@id":"https:\/\/nutritotal.com.br\/pro\/#website","url":"https:\/\/nutritotal.com.br\/pro\/","name":"Nutritotal PRO","description":"","publisher":{"@id":"https:\/\/nutritotal.com.br\/pro\/#organization"},"potentialAction":[{"@type":"SearchAction","target":{"@type":"EntryPoint","urlTemplate":"https:\/\/nutritotal.com.br\/pro\/?s={search_term_string}"},"query-input":{"@type":"PropertyValueSpecification","valueRequired":true,"valueName":"search_term_string"}}],"inLanguage":"pt-BR"},{"@type":"Organization","@id":"https:\/\/nutritotal.com.br\/pro\/#organization","name":"Nutri Total","url":"https:\/\/nutritotal.com.br\/pro\/","logo":{"@type":"ImageObject","inLanguage":"pt-BR","@id":"https:\/\/nutritotal.com.br\/pro\/#\/schema\/logo\/image\/","url":"https:\/\/nutritotal.com.br\/pro\/wp-content\/uploads\/2022\/12\/Nutritotal-Pro-Vertical-02.png","contentUrl":"https:\/\/nutritotal.com.br\/pro\/wp-content\/uploads\/2022\/12\/Nutritotal-Pro-Vertical-02.png","width":426,"height":426,"caption":"Nutri Total"},"image":{"@id":"https:\/\/nutritotal.com.br\/pro\/#\/schema\/logo\/image\/"},"sameAs":["https:\/\/www.facebook.com\/nutritotalPRO\/","https:\/\/www.instagram.com\/nutritotalpro\/","https:\/\/www.youtube.com\/channel\/UCf01IyXkHLYUDGG0-XHR-YA"]},{"@type":"Person","@id":"https:\/\/nutritotal.com.br\/pro\/#\/schema\/person\/570c1bd5e5a9e227971f2bc681cda85e","name":"noticiasimportacao","image":{"@type":"ImageObject","inLanguage":"pt-BR","@id":"https:\/\/nutritotal.com.br\/pro\/#\/schema\/person\/image\/","url":"https:\/\/secure.gravatar.com\/avatar\/0406650f831be9c74ae59891e45b9ea4?s=96&d=mm&r=g","contentUrl":"https:\/\/secure.gravatar.com\/avatar\/0406650f831be9c74ae59891e45b9ea4?s=96&d=mm&r=g","caption":"noticiasimportacao"},"url":"https:\/\/nutritotal.com.br\/pro\/author\/noticiasimportacao\/"}]}},"views":776,"amp_enabled":true,"_links":{"self":[{"href":"https:\/\/nutritotal.com.br\/pro\/wp-json\/wp\/v2\/posts\/6157"}],"collection":[{"href":"https:\/\/nutritotal.com.br\/pro\/wp-json\/wp\/v2\/posts"}],"about":[{"href":"https:\/\/nutritotal.com.br\/pro\/wp-json\/wp\/v2\/types\/post"}],"author":[{"embeddable":true,"href":"https:\/\/nutritotal.com.br\/pro\/wp-json\/wp\/v2\/users\/44"}],"replies":[{"embeddable":true,"href":"https:\/\/nutritotal.com.br\/pro\/wp-json\/wp\/v2\/comments?post=6157"}],"version-history":[{"count":0,"href":"https:\/\/nutritotal.com.br\/pro\/wp-json\/wp\/v2\/posts\/6157\/revisions"}],"wp:featuredmedia":[{"embeddable":true,"href":"https:\/\/nutritotal.com.br\/pro\/wp-json\/wp\/v2\/media\/6156"}],"wp:attachment":[{"href":"https:\/\/nutritotal.com.br\/pro\/wp-json\/wp\/v2\/media?parent=6157"}],"wp:term":[{"taxonomy":"category","embeddable":true,"href":"https:\/\/nutritotal.com.br\/pro\/wp-json\/wp\/v2\/categories?post=6157"},{"taxonomy":"post_tag","embeddable":true,"href":"https:\/\/nutritotal.com.br\/pro\/wp-json\/wp\/v2\/tags?post=6157"},{"taxonomy":"divisao","embeddable":true,"href":"https:\/\/nutritotal.com.br\/pro\/wp-json\/wp\/v2\/divisao?post=6157"}],"curies":[{"name":"wp","href":"https:\/\/api.w.org\/{rel}","templated":true}]}}